{"id":11629,"date":"2020-05-04T22:34:11","date_gmt":"2020-05-04T22:34:11","guid":{"rendered":"https:\/\/www.radiopresidenteibanez.cl\/web\/?p=11629"},"modified":"2020-05-04T22:34:15","modified_gmt":"2020-05-04T22:34:15","slug":"empresario-de-puerto-williams-ejemplo-de-renovacion-en-tiempos-pandemia","status":"publish","type":"post","link":"https:\/\/www.radiopresidenteibanez.cl\/web\/empresario-de-puerto-williams-ejemplo-de-renovacion-en-tiempos-pandemia\/","title":{"rendered":"EMPRESARIO DE PUERTO WILLIAMS, EJEMPLO DE RENOVACI\u00d3N EN TIEMPOS PANDEMIA"},"content":{"rendered":"\n<p>La\ncuarentena y las diversas medidas de prevenci\u00f3n de contagio del coronavirus\ncambi\u00f3 la din\u00e1mica comercial de la regi\u00f3n. Muchas empresas han sufrido una\nsignificativa reducci\u00f3n en sus ventas, con las consiguientes consecuencias para\nsus colaboradores.<\/p>\n\n\n\n<p>Sin\nembargo, el nuevo escenario tambi\u00e9n ha dado pie a la creatividad de algunos\ncomerciantes, llev\u00e1ndolos a reinventarse y adecuar sus modelos de negocio a las\nnuevas necesidades de sus clientes. A nivel regional, destacamos el caso de\nJuan Soto, due\u00f1o del Supermercado \u201cSotito\u201d y del Hostel \u201cDientes de Navarino\u201d\nen la Comuna de Cabo Hornos, quien decidi\u00f3 reformular su oferta para cuidar la\nsalud de sus clientes y el empleo de sus colaboradores.<\/p>\n\n\n\n<p>El\nemprendedor se\u00f1al\u00f3: \u201cSomos una empresa familiar que cuenta con diferentes\nservicios y giros, es por ello que no fue tan complicado poder reinventarnos.\nLa idea nace con dos objetivos, el primero, poder comercializar nuestros productos\nutilizando un servicio de delivery para aumentar las ventas y evitar que\nnuestros clientes salgan de sus hogares. El segundo, cuidar la estabilidad\nlaboral de nuestros colaboradores. Gracias a ello, no hemos desvinculado a\nnadie y todos mantienen su mismo sueldo\u201d.<\/p>\n\n\n\n<p>Por su\nparte, la Seremi de Econom\u00eda, Fomento y Turismo, Natalia Easton, destac\u00f3 la\niniciativa, indicando: \u201cDon Jos\u00e9 nos demuestra que, incluso en periodos\ncomplejos como el que vivimos en la actualidad, la creatividad, el entusiasmo y\nla disposici\u00f3n a reinventarnos pueden llevarnos a encontrar nuevos espacios de\nventa, permitiendo sacar adelante a una empresa, cuidar los empleos y entregar\nun servicio valorado por la comunidad. Esperamos tener muchos casos como el de\nDon Jos\u00e9 en nuestra regi\u00f3n, quien, junto con proteger a sus colaboradores, ha\najustado su modelo de negocio para facilitar el abastecimiento de la comunidad\nde Puerto Williams, resguardando la integridad y salud de sus vecinos.\nValoramos el esfuerzo de muchos emprendedores regionales que, al igual que Don\nJos\u00e9, hoy est\u00e1n luchando por proteger y cuidar el empleo de sus colaboradores,\najustando su oferta para entregar un mejor servicio a la ciudadan\u00eda, porque sin\nduda, de esta crisis saldremos cuid\u00e1ndonos entre todos\u201d.<\/p>\n\n\n\n<p>Jos\u00e9 Soto\nagreg\u00f3 \u00abEstamos muy contentos por ser un aporte a la comunidad, solucionar\nsu necesidad de abastecimiento, entregando precios accesibles, nuestros\nclientes pueden conocer los productos por medio de nuestras redes sociales y\ncontactarnos por whatsapp. Hago una invitaci\u00f3n a toda la comunidad de Cabo de\nHornos a conocer \u201cTeleventa Mayorista Puerto Williams\u201d.<\/p>\n\n\n\n<p>Easton\nagreg\u00f3, \u201cQuiero invitar a todos nuestros emprendedores a enfrentar esta dura\ncrisis con optimismo, buscando las oportunidades que esta misma puede abrir, y\na romper los paradigmas que muchas veces nos han acompa\u00f1ado durante d\u00e9cadas. Y\na la comunidad, la invito a preferir a nuestras pymes locales, potenciar el uso\nde los canales electr\u00f3nicos y los servicios de delivery. En esta l\u00ednea,\nesperamos que muchas pymes regionales se sumen a una gran iniciativa regional,\n\u201cPedidos Magallanes\u201d, plataforma de venta electr\u00f3nica que estar\u00e1 disponible en\nlos pr\u00f3ximos d\u00edas para todos los magall\u00e1nicos, donde cada empresa podr\u00e1 contar\ncon una vitrina de sus principales productos y comercializarlos en forma\ngratuita durante un a\u00f1o, con servicio de delivery incorporado en la misma\nplataforma. A su vez, la comunidad regional podr\u00e1 encontrar una amplia variedad\nde productos y servicios de empresas locales en un solo lugar, desde la\ncomodidad de su hogar\u201d.<\/p>\n","protected":false},"excerpt":{"rendered":"<p>La cuarentena y las diversas medidas de prevenci\u00f3n de contagio del coronavirus cambi\u00f3 la din\u00e1mica comercial de la regi\u00f3n. Muchas empresas han sufrido una significativa reducci\u00f3n en sus ventas, con&#8230; <a class=\"read-more\" href=\"https:\/\/www.radiopresidenteibanez.cl\/web\/empresario-de-puerto-williams-ejemplo-de-renovacion-en-tiempos-pandemia\/\">Leer m\u00e1s<\/a><\/p>\n","protected":false},"author":2,"featured_media":11630,"comment_status":"closed","ping_status":"closed","sticky":false,"template":"","format":"standard","meta":{"footnotes":""},"categories":[1],"tags":[],"class_list":["post-11629","post","type-post","status-publish","format-standard","has-post-thumbnail","hentry","category-cronica"],"_links":{"self":[{"href":"https:\/\/www.radiopresidenteibanez.cl\/web\/wp-json\/wp\/v2\/posts\/11629","targetHints":{"allow":["GET"]}}],"collection":[{"href":"https:\/\/www.radiopresidenteibanez.cl\/web\/wp-json\/wp\/v2\/posts"}],"about":[{"href":"https:\/\/www.radiopresidenteibanez.cl\/web\/wp-json\/wp\/v2\/types\/post"}],"author":[{"embeddable":true,"href":"https:\/\/www.radiopresidenteibanez.cl\/web\/wp-json\/wp\/v2\/users\/2"}],"replies":[{"embeddable":true,"href":"https:\/\/www.radiopresidenteibanez.cl\/web\/wp-json\/wp\/v2\/comments?post=11629"}],"version-history":[{"count":0,"href":"https:\/\/www.radiopresidenteibanez.cl\/web\/wp-json\/wp\/v2\/posts\/11629\/revisions"}],"wp:featuredmedia":[{"embeddable":true,"href":"https:\/\/www.radiopresidenteibanez.cl\/web\/wp-json\/wp\/v2\/media\/11630"}],"wp:attachment":[{"href":"https:\/\/www.radiopresidenteibanez.cl\/web\/wp-json\/wp\/v2\/media?parent=11629"}],"wp:term":[{"taxonomy":"category","embeddable":true,"href":"https:\/\/www.radiopresidenteibanez.cl\/web\/wp-json\/wp\/v2\/categories?post=11629"},{"taxonomy":"post_tag","embeddable":true,"href":"https:\/\/www.radiopresidenteibanez.cl\/web\/wp-json\/wp\/v2\/tags?post=11629"}],"curies":[{"name":"wp","href":"https:\/\/api.w.org\/{rel}","templated":true}]}}