{"id":11626,"date":"2020-05-04T22:29:54","date_gmt":"2020-05-04T22:29:54","guid":{"rendered":"https:\/\/www.radiopresidenteibanez.cl\/web\/?p=11626"},"modified":"2020-05-04T22:29:58","modified_gmt":"2020-05-04T22:29:58","slug":"quiero-mi-barrio-vecinos-se-preparan-para-aportar-en-medidas-de-mitigacion-contra-el-contagio-de-covid-19","status":"publish","type":"post","link":"https:\/\/www.radiopresidenteibanez.cl\/web\/quiero-mi-barrio-vecinos-se-preparan-para-aportar-en-medidas-de-mitigacion-contra-el-contagio-de-covid-19\/","title":{"rendered":"QUIERO MI BARRIO: VECINOS SE PREPARAN PARA APORTAR EN MEDIDAS DE MITIGACI\u00d3N CONTRA EL CONTAGIO DE COVID 19"},"content":{"rendered":"\n<p>Atendiendo a las circunstancias detonadas por la aparici\u00f3n del Covid-19 en Magallanes, y en el marco de permanencia del Programa Quiero Mi Barrio del MINVU con la comunidad, vecinas y vecinos de distintas poblaciones favorecidas se encuentran en per\u00edodo de ejercicio y capacitaci\u00f3n para confeccionar mascarillas protectoras, mientras los equipos &#8211; tanto de Vivienda como Municipio &#8211; gestionan la adquisici\u00f3n de materiales que permitan cumplir con los est\u00e1ndares que exige el \u00e1mbito sanitario.<\/p>\n\n\n\n<p>El seremi de Vivienda y urbanismo, Jos\u00e9 Miguel Horcos, junto con destacar el empuje y la iniciativa comunitaria para aportar en la adversidad, inform\u00f3 que \u201cPrimero se\u00f1alar que por instrucci\u00f3n de nuestro Ministro Cristi\u00e1n Monckeberg, como sector estamos llevando a cabo todas las diligencias para que nuestras distintas l\u00edneas de trabajo tengan una continuidad, en la medida que los protocolos sanitarios lo permitan, y gracias a plataformas digitales, por ejemplo, hemos podido mantener lo mismo con el Quiero Mi Barrio\u201d.<\/p>\n\n\n\n<p>\u201cConcretamente, agreg\u00f3 Horcos, para facilitar la confecci\u00f3n de mascarillas, los equipos est\u00e1n buscando alternativas para disponer de materiales adecuados en contacto con otras instituciones, para en primer lugar, identificar qu\u00e9 materiales adecuados se encuentran disponibles en la Regi\u00f3n o buscar otras v\u00edas de suministro\u201d.<\/p>\n\n\n\n<p>Para ello, el MINVU aporta los recursos al Municipio, autorizado para invertir en organizaci\u00f3n social, y mantener a los barrios y sus vecinos en sinton\u00eda con el resto de la comunidad, en especial frente a la pandemia.<\/p>\n\n\n\n<p>Al respecto, el alcalde de la comuna de Natales, Fernando Paredes Mansilla, relev\u00f3 una idea que empez\u00f3 a replicarse por todos los barrios de la regi\u00f3n: \u201cQuisiera destacar, y por sobre todo reconocer esta iniciativa que llevar\u00e1n a cabo las vecinas del Barrio Natales Antiguo-Poblaci\u00f3n Estadio. Representa un gran gesto de generosidad, que&nbsp; conscientes de la situaci\u00f3n actual y con el af\u00e1n de cuidar a los vecinos de la comuna, pretenden poner en marcha sus m\u00e1quinas de coser&nbsp; y confeccionar mascarillas. &nbsp;<\/p>\n\n\n\n<p>Esta iniciativa que se enmarca en el Plan de Gesti\u00f3n Social del Programa Quiero Mi Barrio, no s\u00f3lo se traduce en la confecci\u00f3n de mascarillas, sino que adem\u00e1s permite el fortalecimiento organizacional y de la convivencia vecinal; pilares del programa que se ejecuta a trav\u00e9s del municipio desde ya hace varios a\u00f1os\u201d puntualiz\u00f3 el alcalde Paredes.<\/p>\n\n\n\n<p>En la misma l\u00ednea, los barrios Eusebio Lillo\/Cumbres Patag\u00f3nicas, El Ping\u00fcino, en Punta Arenas, y Natales Antiguo\/Poblaci\u00f3n Estadio en Puerto Natales continuar\u00e1n pr\u00f3ximamente los procesos de dise\u00f1os participativos mediante innovadoras metodolog\u00edas de comunicaci\u00f3n digital que se est\u00e1n dise\u00f1ando por parte de los equipos Quiero Mi Barrio, quienes est\u00e1n levantando informaci\u00f3n sobre qu\u00e9 herramientas tecnol\u00f3gicas &#8211; computadores o tel\u00e9fonos \u2013 tienen los vecinos, nivel de conocimiento usuario o conexi\u00f3n.<\/p>\n\n\n\n<p>Lo anterior, con el fin de adaptar el trabajo a las plataformas que la comunidad tenga m\u00e1s disponible y as\u00ed no retrasar los procesos de recuperaci\u00f3n de los barrios, cuyo principal componente es la participaci\u00f3n ciudadana, asamblea y votaciones, instancias que pueden reemplazarse por actividades remotas que resulten efectivas.<\/p>\n","protected":false},"excerpt":{"rendered":"<p>Atendiendo a las circunstancias detonadas por la aparici\u00f3n del Covid-19 en Magallanes, y en el marco de permanencia del Programa Quiero Mi Barrio del MINVU con la comunidad, vecinas y&#8230; <a class=\"read-more\" href=\"https:\/\/www.radiopresidenteibanez.cl\/web\/quiero-mi-barrio-vecinos-se-preparan-para-aportar-en-medidas-de-mitigacion-contra-el-contagio-de-covid-19\/\">Leer m\u00e1s<\/a><\/p>\n","protected":false},"author":2,"featured_media":11627,"comment_status":"closed","ping_status":"closed","sticky":false,"template":"","format":"standard","meta":{"footnotes":""},"categories":[1],"tags":[],"class_list":["post-11626","post","type-post","status-publish","format-standard","has-post-thumbnail","hentry","category-cronica"],"_links":{"self":[{"href":"https:\/\/www.radiopresidenteibanez.cl\/web\/wp-json\/wp\/v2\/posts\/11626","targetHints":{"allow":["GET"]}}],"collection":[{"href":"https:\/\/www.radiopresidenteibanez.cl\/web\/wp-json\/wp\/v2\/posts"}],"about":[{"href":"https:\/\/www.radiopresidenteibanez.cl\/web\/wp-json\/wp\/v2\/types\/post"}],"author":[{"embeddable":true,"href":"https:\/\/www.radiopresidenteibanez.cl\/web\/wp-json\/wp\/v2\/users\/2"}],"replies":[{"embeddable":true,"href":"https:\/\/www.radiopresidenteibanez.cl\/web\/wp-json\/wp\/v2\/comments?post=11626"}],"version-history":[{"count":0,"href":"https:\/\/www.radiopresidenteibanez.cl\/web\/wp-json\/wp\/v2\/posts\/11626\/revisions"}],"wp:featuredmedia":[{"embeddable":true,"href":"https:\/\/www.radiopresidenteibanez.cl\/web\/wp-json\/wp\/v2\/media\/11627"}],"wp:attachment":[{"href":"https:\/\/www.radiopresidenteibanez.cl\/web\/wp-json\/wp\/v2\/media?parent=11626"}],"wp:term":[{"taxonomy":"category","embeddable":true,"href":"https:\/\/www.radiopresidenteibanez.cl\/web\/wp-json\/wp\/v2\/categories?post=11626"},{"taxonomy":"post_tag","embeddable":true,"href":"https:\/\/www.radiopresidenteibanez.cl\/web\/wp-json\/wp\/v2\/tags?post=11626"}],"curies":[{"name":"wp","href":"https:\/\/api.w.org\/{rel}","templated":true}]}}