{"id":11616,"date":"2020-05-04T19:25:51","date_gmt":"2020-05-04T19:25:51","guid":{"rendered":"https:\/\/www.radiopresidenteibanez.cl\/web\/?p=11616"},"modified":"2020-05-04T19:26:02","modified_gmt":"2020-05-04T19:26:02","slug":"carabineros-destaca-la-baja-de-delitos-en-la-region-de-magallanes-debido-a-la-cuarentena-y-labor-fiscalizadora","status":"publish","type":"post","link":"https:\/\/www.radiopresidenteibanez.cl\/web\/carabineros-destaca-la-baja-de-delitos-en-la-region-de-magallanes-debido-a-la-cuarentena-y-labor-fiscalizadora\/","title":{"rendered":"CARABINEROS DESTACA LA BAJA DE DELITOS EN LA REGI\u00d3N DE MAGALLANES, DEBIDO A LA CUARENTENA Y LABOR FISCALIZADORA"},"content":{"rendered":"\n<p>El Teniente Coronel de\nCarabineros de Chile \u2013 Rodrigo \u00c1lvarez Silva \u2013 Prefecto de la Prefectura\nMagallanes Nro28. se\u00f1al\u00f3: Efectivamente han bajado los casos policiales en\nMagallanes. En nuestro caso nosotros ya ven\u00edamos con tendencia a la baja. Ahora\nbien, justamente los controles y restricciones de desplazamiento y toque de\nqueda, realizados no s\u00f3lo por Carabineros, sino tambi\u00e9n por las fuerzas\narmadas, inciden en generar una mayor percepci\u00f3n de seguridad y baja tasa de\ndelitos de aquellos normalmente producidos en esas horas de la noche.<\/p>\n\n\n\n<p>Consultado referente a los\nservicios del fin de semana largo y sobre algunos detenidos por conducir en\nestado de ebriedad a pesar de existir toque de queda, el Prefecto \u00c1lvarez\nindic\u00f3: Esta es una conducta que se ha dado, en cuanto a la ingesta de bebidas\nalcoh\u00f3licas y a la conducci\u00f3n de los veh\u00edculos. Encontr\u00e1ndonos en un estado de\nexcepci\u00f3n de toque de queda, a contar de las 22:00 y hasta las 05:00 horas de\nla ma\u00f1ana, igual hemos tenido bastantes procedimientos por conducir en estado\nde ebriedad, siendo que tambi\u00e9n hay una ordenanza municipal que restringe la\nventa de bebidas alcoh\u00f3licas. Frente a esto \u00faltimo, se ha estado realizando un\ntrabajo en conjunto y constante de fiscalizaci\u00f3n con personal de la\nmunicipalidad y carabineros de la 1ra. comisar\u00eda. Hemos realizado un trabajo\ncoordinado, en donde personal de carabineros sale en las camionetas municipales\nen compa\u00f1\u00eda de los inspectores, a fiscalizar dicha ordenanza. <\/p>\n\n\n\n<p>En cuanto a los permisos y\nsalvoconductos: A trav\u00e9s de la p\u00e1gina <a href=\"http:\/\/www.comisariavirtual.cl\"><strong>www.comisariavirtual.cl<\/strong><\/a>\nse est\u00e1n entregando los permisos correspondientes. Tambi\u00e9n los estamos\nentregando de manera presencial, pero en el sentido de poder ayudar a aquellas\npersonas que no puedan ingresar por ejemplo por no tener acceso a internet, en\nese caso pueden acercarse hasta las dependencias de nuestro gimnasio ubicado en\ncalle Ignacio Carrera Pinto Nro.0145. Nosotros entregamos el permiso\npresencial, pero ingresando tambi\u00e9n sus datos a la p\u00e1gina de la comisar\u00eda\nvirtual, evitando de esta manera que se adultere el procedimiento, debido a que\nquedan registrados, tomando en consideraci\u00f3n que son dos permisos por 7 d\u00edas.\nEsto el pasado fin de semana, ha producido una positiva baja en la entrega de\nlos permisos presenciales.<\/p>\n\n\n\n<p>\u00bfLas personas que son\ncontroladas por personal policial o de las fuerzas armadas, que van caminando\npor las calles en direcci\u00f3n hacia el gimnasio o la comisar\u00eda de carabineros en\nbusca de obtener su permiso, podr\u00edan ser detenidas?<\/p>\n\n\n\n<p>Bueno, nosotros entendemos que\nla persona por no tener acceso a internet o la tecnolog\u00eda disponible, debe\nnecesariamente recurrir hasta el gimnasio. Si es el caso, cuando asistan a la\nunidad, nosotros les damos todo tipo de facilidades y orientaci\u00f3n, con todas\nlas medidas de seguridad posibles que debemos tener para la atenci\u00f3n de la\nciudadan\u00eda. Pero este permiso no debe ser mal utilizado, por ejemplo: Si\nobtengo un permiso para ir al supermercado, pero termino haciendo otro tipo de\ndiligencia, estamos dando un mal uso del permiso, y esto evidentemente es\nsancionado.<\/p>\n\n\n\n<p>\u00bfC\u00f3mo se est\u00e1 trabajando la\ncoordinaci\u00f3n con los efectivos militares por ejemplo con los detenidos, c\u00f3mo es\ntodo ese proceso?<\/p>\n\n\n\n<p>Todo lo que corresponde al\nprocedimiento policial se centraliza en la 1ra. comisar\u00eda, en aquellos\nprocedimientos que son fiscalizados y\/o adoptados por personal de las fuerzas\narmadas, son entregados en forma inmediata a personal de carabineros y se\nrealiza un procedimiento normal.<\/p>\n\n\n\n<p>Tomando en cuenta las\nrestricciones actuales como el toque de queda, \u00bfhan bajado los patrullajes\nnocturnos en la poblaci\u00f3n? <\/p>\n\n\n\n<p>Nuestra demanda va de acuerdo\ncon los cuadrantes que debemos cubrir y esto no ha bajado en ning\u00fan momento,\nnuestros servicios extras se cubren con personal de unidades especializadas,\norden p\u00fablico, entre otras secciones como LABOCAR, SIAT, quienes hacen otras\nlabores en un tiempo normal, pero que ahora est\u00e1n abocados a enfrentar esta\npandemia que nos afecta como pa\u00eds.<\/p>\n\n\n\n<p>Finalmente, el Prefecto\n\u00c1lvarez hizo un llamado a la ciudadan\u00eda a tomar con seriedad todo esto, que\nseamos responsables en cuanto a no salir, sino es realmente necesario. \u201cEsta es\nuna situaci\u00f3n que nos est\u00e1 afectando como pa\u00eds y como comuna tenemos una alta\ntasa de personas infectadas y necesitamos impedir que esa curva de contagio\nsuba en demas\u00eda. As\u00ed que, hago un llamado a cada uno de los ciudadanos de la\ncomuna de Punta Arenas, para aplicar al m\u00e1ximo las medidas dispuestas por la\nautoridad sanitaria y quedarse en casa que es una de las medidas m\u00e1s importantes\u201d.\n&#8211; <\/p>\n","protected":false},"excerpt":{"rendered":"<p>El Teniente Coronel de Carabineros de Chile \u2013 Rodrigo \u00c1lvarez Silva \u2013 Prefecto de la Prefectura Magallanes Nro28. se\u00f1al\u00f3: Efectivamente han bajado los casos policiales en Magallanes. En nuestro caso&#8230; <a class=\"read-more\" href=\"https:\/\/www.radiopresidenteibanez.cl\/web\/carabineros-destaca-la-baja-de-delitos-en-la-region-de-magallanes-debido-a-la-cuarentena-y-labor-fiscalizadora\/\">Leer m\u00e1s<\/a><\/p>\n","protected":false},"author":2,"featured_media":11617,"comment_status":"closed","ping_status":"closed","sticky":false,"template":"","format":"standard","meta":{"footnotes":""},"categories":[1],"tags":[],"class_list":["post-11616","post","type-post","status-publish","format-standard","has-post-thumbnail","hentry","category-cronica"],"_links":{"self":[{"href":"https:\/\/www.radiopresidenteibanez.cl\/web\/wp-json\/wp\/v2\/posts\/11616","targetHints":{"allow":["GET"]}}],"collection":[{"href":"https:\/\/www.radiopresidenteibanez.cl\/web\/wp-json\/wp\/v2\/posts"}],"about":[{"href":"https:\/\/www.radiopresidenteibanez.cl\/web\/wp-json\/wp\/v2\/types\/post"}],"author":[{"embeddable":true,"href":"https:\/\/www.radiopresidenteibanez.cl\/web\/wp-json\/wp\/v2\/users\/2"}],"replies":[{"embeddable":true,"href":"https:\/\/www.radiopresidenteibanez.cl\/web\/wp-json\/wp\/v2\/comments?post=11616"}],"version-history":[{"count":0,"href":"https:\/\/www.radiopresidenteibanez.cl\/web\/wp-json\/wp\/v2\/posts\/11616\/revisions"}],"wp:featuredmedia":[{"embeddable":true,"href":"https:\/\/www.radiopresidenteibanez.cl\/web\/wp-json\/wp\/v2\/media\/11617"}],"wp:attachment":[{"href":"https:\/\/www.radiopresidenteibanez.cl\/web\/wp-json\/wp\/v2\/media?parent=11616"}],"wp:term":[{"taxonomy":"category","embeddable":true,"href":"https:\/\/www.radiopresidenteibanez.cl\/web\/wp-json\/wp\/v2\/categories?post=11616"},{"taxonomy":"post_tag","embeddable":true,"href":"https:\/\/www.radiopresidenteibanez.cl\/web\/wp-json\/wp\/v2\/tags?post=11616"}],"curies":[{"name":"wp","href":"https:\/\/api.w.org\/{rel}","templated":true}]}}