{"id":11613,"date":"2020-05-04T19:23:21","date_gmt":"2020-05-04T19:23:21","guid":{"rendered":"https:\/\/www.radiopresidenteibanez.cl\/web\/?p=11613"},"modified":"2020-05-04T19:23:25","modified_gmt":"2020-05-04T19:23:25","slug":"gobernacion-informa-nuevas-medidas-del-departamento-de-extranjeria","status":"publish","type":"post","link":"https:\/\/www.radiopresidenteibanez.cl\/web\/gobernacion-informa-nuevas-medidas-del-departamento-de-extranjeria\/","title":{"rendered":"GOBERNACI\u00d3N INFORMA NUEVAS MEDIDAS DEL DEPARTAMENTO DE EXTRANJER\u00cdA"},"content":{"rendered":"\n<p>Prevenir los contagios de COVID-19, es el\ngran objetivo que tienen todos los pa\u00edses del orbe. Raz\u00f3n por la cual, el\ndistanciamiento social, utilizaci\u00f3n de mascarillas y evitar las aglomeraciones\nde personas, son parte de las medidas b\u00e1sicas necesarias para lograrlo. Es por\nesto, que el gobernador provincial de Magallanes, Homero Villegas N\u00fa\u00f1ez,\ninform\u00f3 las nuevas medidas que adoptar\u00e1 el Departamento de Extranjer\u00eda\nprovincial, el cual lidera.<\/p>\n\n\n\n<p><strong>Nuevos\ntr\u00e1mites: <\/strong><a href=\"http:\/\/www.extranjeria.gob.cl\"><strong>www.extranjeria.gob.cl<\/strong><\/a><strong><\/strong><\/p>\n\n\n\n<p><strong>Solicitud de\npr\u00f3rroga de visa de turismo, <\/strong>este tr\u00e1mite se\nimplement\u00f3 para todas las regiones, s\u00f3lo ingresando a la plataforma.<\/p>\n\n\n\n<p><strong>Vigencia de c\u00e9dulas\npara extranjeros, <\/strong>se public\u00f3 en el Diario Oficial el Decreto N\u00b034 del\nMinisterio de Justicia, de fecha 27 de marzo, que extiende la vigencia de las\nc\u00e9dulas de identidad para extranjeros vencidas en 2019 hasta el 31 de diciembre\nde 2020, en tanto los documentos vencidos o por vencer durante 2020 extienden\nsu vigencia por un a\u00f1o desde su vencimiento.<strong> <\/strong>Lo anterior, siempre que las personas hayan solicitado en el Departamento\nde Extranjer\u00eda y Migraci\u00f3n o Gobernaci\u00f3n Provincial, el cambio o pr\u00f3rroga de\nvisaci\u00f3n seg\u00fan corresponda en cada caso.<strong><\/strong><\/p>\n\n\n\n<p><strong>Estampado provisorio el\u00e9ctr\u00f3nico, <\/strong>va dirigido a personas extranjeras a quienes se les haya otorgado una\nvisaci\u00f3n de residencia y que a\u00fan no hayan realizado el estampado en su\npasaporte. Este estampado no\nreemplaza&nbsp;el se\u00f1alado en la norma de extranjer\u00eda, es una soluci\u00f3n transitoria a la actual\nsituaci\u00f3n sanitaria. Su objetivo es dar continuidad y certeza a la\nsituaci\u00f3n migratoria de los y las solicitantes de visas. <\/p>\n\n\n\n<p><strong>Solicitud de residencia, <\/strong>La solicitud debe ser enviada en sobre cerrado por&nbsp;correo\ncertificado a calle Roca N\u00b0924.<\/p>\n\n\n\n<p>Para la tramitaci\u00f3n\nde su solicitud, el usuario deber\u00e1 adjuntar en el sobre:&nbsp;comprobante de\ncita online asignada por el sistema de reserva de hora, que recibi\u00f3 en su\ncorreo electr\u00f3nico previamente; Formulario de Solicitud de Residencia\npor correo, llenado \u00edntegramente, con letra legible y&nbsp;debidamente firmado; toda la\ndocumentaci\u00f3n de respaldo que fundamenta la solicitud de visa a la que postula,\nseg\u00fan tipo y nacionalidad. Estos documentos deben ser originales, exceptuando\nel pasaporte u otro documento de identidad, como la c\u00e9dula, que siempre debe\npermanecer en su poder, y actualizada al momento del tr\u00e1mite. Los detalles de\nlos requisitos y los datos del formulario, se encuentran en la p\u00e1gina web de\nExtranjer\u00eda.<\/p>\n\n\n\n<p>Respecto a las\nnuevas medidas implementadas, el gobernador Villegas explic\u00f3 que \u201cnosotros al\ninterior de la gobernaci\u00f3n provincial estamos todos trabajando y preocupados\npor ayudar a la gente que habitualmente necesita de nuestro servicio, es por\nesto que tenemos turnos presenciales todos los d\u00edas, mientras que los\nfuncionarios pertenecientes a los grupos de riesgo, se encuentran realizando\nteletrabajo desde sus hogares. S\u00f3lo nos hemos limitado a no atender p\u00fablico,\npara as\u00ed resguardar la salud de la ciudadan\u00eda y de nuestros funcionarios. Es\npor lo mismo, que habilitamos canales no presenciales en el departamento de\nExtranjer\u00eda, para entregar informaci\u00f3n general y orientar a los usuarios\nrespecto a la forma de trabajo del departamento, mientras se mantenga la crisis\nsanitaria. Tenemos un nuevo correo electr\u00f3nico, donde las personas podr\u00e1n\nescribir sus dudas las 24 horas del d\u00eda a: <a href=\"mailto:demextranjeriamagallanes@interior.gob.cl\"><strong>demextranjeriamagallanes@interior.gob.cl<\/strong><\/a>, para la jornada de la ma\u00f1ana de 09:00 a\n13:00 horas, pueden llamar al tel\u00e9fono fijo 61 2 242027 y de 14:00 a 17:00\nhoras, al celular +56 9 65108175.<\/p>\n\n\n\n<p>Esperamos que estas nuevas formas de comunicaci\u00f3n puedan ayudar a que las\npersonas nos sientan un poco m\u00e1s cerca de ellos y acompa\u00f1\u00e1ndolos en todo el\nproceso de tr\u00e1mites que deban realizar, pero para esto, insistimos en que\nrespetemos las medidas sanitarias y no salir de las casas a menos que sea\nestrictamente necesario y con el permiso correspondiente, ya que la batalla\ncontra el COVID-19 depende en gran medida de la responsabilidad con que cada\nuno de nosotros aborde esta crisis sanitaria\u201d, concluy\u00f3 el gobernador.<\/p>\n\n\n\n<p><strong>Atenci\u00f3n en extranjer\u00eda lo que usted debe saber<\/strong><\/p>\n\n\n\n<ol class=\"wp-block-list\"><li><strong>\u00bfC\u00f3mo obtengo una cita\/hora\n     de atenci\u00f3n en Extranjer\u00eda?<\/strong><\/li><\/ol>\n\n\n\n<p>F\u00e1cil, ingresa a <a href=\"https:\/\/reservahora.extranjeria.gob.cl\/ingreso\">https:\/\/reservahora.extranjeria.gob.cl\/ingreso<\/a> y espere a que le sea asignada una hora de atenci\u00f3n, la cual ser\u00e1\nnotificada al correo que proporcion\u00f3 en su solicitud.<\/p>\n\n\n\n<ol class=\"wp-block-list\"><li><strong>\u00bfSi se me asigna una cita de\n     \u201cReservahora.extranjer\u00eda.gob.cl\u201d debo venir a Extranjer\u00eda?<\/strong><\/li><\/ol>\n\n\n\n<p><strong>No<\/strong>, No debe concurrir\na Extranjer\u00eda. S\u00f3lo debe seguir las instrucciones que le llegan por correo con\nel asunto \u201cCORREO&nbsp; PROCEDIMIENTO RESERVA\nDE HORA. GOB.&nbsp; MAGALLANES.\u201d<\/p>\n\n\n\n<ol class=\"wp-block-list\"><li><strong>\u00bfD\u00f3nde puedo ver los tipos\n     de visa que ofrece Chile e informaci\u00f3n conexa?<\/strong><\/li><\/ol>\n\n\n\n<p>Deber\u00e1 ingresar a <a href=\"https:\/\/www.extranjeria.gob.cl\/\">https:\/\/www.extranjeria.gob.cl\/<\/a><\/p>\n\n\n\n<ol class=\"wp-block-list\"><li><strong>\u00bfD\u00f3nde puedo ver el tr\u00e1mite\n     de mi solicitud de visa?<\/strong><\/li><\/ol>\n\n\n\n<p>Para saber del\nEstado de Solicitud de Visa o de Permanencia Definitiva, debe ingresar a <a href=\"https:\/\/consultas.extranjeria.gob.cl\">https:\/\/consultas.extranjeria.gob.cl<\/a>&nbsp; y seguir las instrucciones.<\/p>\n\n\n\n<ol class=\"wp-block-list\"><li><strong>\u00bfQu\u00e9 hacer si ya pagu\u00e9 el\n     Permiso de Trabajo?<\/strong><\/li><\/ol>\n\n\n\n<p>Debe Ingresar <a href=\"https:\/\/tramites.extranjeria.gob.cl\/\">https:\/\/tramites.extranjeria.gob.cl\/<\/a> y escoger la opci\u00f3n \u201cPermiso de trabajo con Visa en Tr\u00e1mite\u201d y seguir\nlas instrucciones.<\/p>\n\n\n\n<ol class=\"wp-block-list\"><li><strong>\u00bfSi tengo pagada y otorgada\n     una visa debo concurrir a Extranjer\u00eda a que me estampen el pasaporte?<\/strong><\/li><\/ol>\n\n\n\n<p>NO, no debe venir,\ndebe ingresar <a href=\"https:\/\/tramites.extranjeria.gob.cl\/\">https:\/\/tramites.extranjeria.gob.cl\/<\/a> y seleccionar la opci\u00f3n: \u201cEstampado Provisorio Electr\u00f3nico\u201d y seguir\nlas instrucciones. <\/p>\n\n\n\n<ol class=\"wp-block-list\"><li><strong>\u00bfSi tengo una duda o situaci\u00f3n\n     puntual sobre mi proceso que debo hacer o requiero Ayuda?<\/strong><\/li><\/ol>\n\n\n\n<p>Deber\u00e1 ingresar a <a href=\"https:\/\/extranjeriachile.freshdesk.com\/support\/home\">https:\/\/extranjeriachile.freshdesk.com\/support\/home<\/a> y tomar la opci\u00f3n: \u201cNuevo Ticket De Ayuda\u201d (si su pregunta no se\nencuentra resuelta en el portal), luego para saber el estado de su solicitud\ndeber\u00e1 ingresar en \u201cRevisar el estado del ticket.\u201d<\/p>\n\n\n\n<ol class=\"wp-block-list\"><li><strong>\u00bfQu\u00e9 hago si soy turista y\n     necesito ampliaci\u00f3n,&nbsp; pr\u00f3rroga o\n     permiso de trabajo como turista? <\/strong><\/li><\/ol>\n\n\n\n<p>Ingrese a <a href=\"https:\/\/tramites.extranjeria.gob.cl\">https:\/\/tramites.extranjeria.gob.cl<\/a> a la opci\u00f3n \u201cTR\u00c1MITES TURISTAS\u201d. <\/p>\n","protected":false},"excerpt":{"rendered":"<p>Prevenir los contagios de COVID-19, es el gran objetivo que tienen todos los pa\u00edses del orbe. Raz\u00f3n por la cual, el distanciamiento social, utilizaci\u00f3n de mascarillas y evitar las aglomeraciones&#8230; <a class=\"read-more\" href=\"https:\/\/www.radiopresidenteibanez.cl\/web\/gobernacion-informa-nuevas-medidas-del-departamento-de-extranjeria\/\">Leer m\u00e1s<\/a><\/p>\n","protected":false},"author":2,"featured_media":11614,"comment_status":"closed","ping_status":"closed","sticky":false,"template":"","format":"standard","meta":{"footnotes":""},"categories":[1],"tags":[],"class_list":["post-11613","post","type-post","status-publish","format-standard","has-post-thumbnail","hentry","category-cronica"],"_links":{"self":[{"href":"https:\/\/www.radiopresidenteibanez.cl\/web\/wp-json\/wp\/v2\/posts\/11613","targetHints":{"allow":["GET"]}}],"collection":[{"href":"https:\/\/www.radiopresidenteibanez.cl\/web\/wp-json\/wp\/v2\/posts"}],"about":[{"href":"https:\/\/www.radiopresidenteibanez.cl\/web\/wp-json\/wp\/v2\/types\/post"}],"author":[{"embeddable":true,"href":"https:\/\/www.radiopresidenteibanez.cl\/web\/wp-json\/wp\/v2\/users\/2"}],"replies":[{"embeddable":true,"href":"https:\/\/www.radiopresidenteibanez.cl\/web\/wp-json\/wp\/v2\/comments?post=11613"}],"version-history":[{"count":0,"href":"https:\/\/www.radiopresidenteibanez.cl\/web\/wp-json\/wp\/v2\/posts\/11613\/revisions"}],"wp:featuredmedia":[{"embeddable":true,"href":"https:\/\/www.radiopresidenteibanez.cl\/web\/wp-json\/wp\/v2\/media\/11614"}],"wp:attachment":[{"href":"https:\/\/www.radiopresidenteibanez.cl\/web\/wp-json\/wp\/v2\/media?parent=11613"}],"wp:term":[{"taxonomy":"category","embeddable":true,"href":"https:\/\/www.radiopresidenteibanez.cl\/web\/wp-json\/wp\/v2\/categories?post=11613"},{"taxonomy":"post_tag","embeddable":true,"href":"https:\/\/www.radiopresidenteibanez.cl\/web\/wp-json\/wp\/v2\/tags?post=11613"}],"curies":[{"name":"wp","href":"https:\/\/api.w.org\/{rel}","templated":true}]}}