{"id":11611,"date":"2020-05-04T17:36:53","date_gmt":"2020-05-04T17:36:53","guid":{"rendered":"https:\/\/www.radiopresidenteibanez.cl\/web\/?p=11611"},"modified":"2020-05-04T17:36:57","modified_gmt":"2020-05-04T17:36:57","slug":"kusanovic-sobre-crisis-del-covid-19-puede-ser-una-gran-oportunidad-de-volvernos-mas-eficientes","status":"publish","type":"post","link":"https:\/\/www.radiopresidenteibanez.cl\/web\/kusanovic-sobre-crisis-del-covid-19-puede-ser-una-gran-oportunidad-de-volvernos-mas-eficientes\/","title":{"rendered":"KUSANOVIC SOBRE CRISIS DEL COVID-19: \u201cPUEDE SER UNA GRAN OPORTUNIDAD DE VOLVERNOS M\u00c1S EFICIENTES\u201d"},"content":{"rendered":"\n<p>El viernes 1 de mayo el Consejo Regional comenz\u00f3 una serie de reuniones por video conferencia con los Alcaldes de cada comuna de la regi\u00f3n, partiendo en la ma\u00f1ana con el Alcalde de Punta Arenas, Claudio Radonich y continuando, en la tarde, con el Alcalde de Puerto Natales, Fernando Paredes, luego la alcaldesa de Porvenir, Marisol Andrade y por \u00faltimo el Alcalde de Williams, Patricio Fern\u00e1ndez.<\/p>\n\n\n\n<p>El prop\u00f3sito de estos encuentros fue obtener informaci\u00f3n de primera l\u00ednea de los problemas y situaciones que las Municipalidades han detectado, como tambi\u00e9n escuchar ideas de las posibles soluciones o ayudas efectivas que se puedan realizar, compartiendo ideas, de manera de que el Core tenga una visi\u00f3n global de la situaci\u00f3n. Esto fue realizado bajo el \u00e1mbito de la Comisi\u00f3n Social, aunque se trataron temas que involucraron a todas las comisiones.<\/p>\n\n\n\n<p>Como resultado de los encuentros se vislumbr\u00f3 que existe una falta clara de coordinaci\u00f3n o de un comit\u00e9 coordinador de manera de sincronizar a todas las instituciones del Estado, como tambi\u00e9n privadas, con el objeto de que no se dupliquen las ayudas y las gestiones. Este paso es esencial para tener \u00e9xito en disminuir los efectos de esta pandemia.<\/p>\n\n\n\n<p>A su vez el Presidente del Core, Alejandro Kusanovic, hizo ver que \u201cestamos viviendo una gran crisis en el pa\u00eds y que esta puede ser una gran oportunidad de volvernos m\u00e1s eficientes tanto en el instituciones del Estado como en el sector privado, ya se han visto varios ejemplos de esto con la agilizaci\u00f3n de tr\u00e1mites y toma de decisiones como la que realizamos en el Core que en un d\u00eda nos reunimos con cuatro alcaldes y uno de ellos de la comuna m\u00e1s distante de la Regi\u00f3n que pocas veces hab\u00eda tenido la oportunidad, esto puede ser la clave esencial para la futura reactivaci\u00f3n r\u00e1pida del pa\u00eds.\u201d<\/p>\n\n\n\n<p>El Core espera concretar reuniones en los pr\u00f3ximos d\u00edas con los alcaldes faltantes.<br><\/p>\n","protected":false},"excerpt":{"rendered":"<p>El viernes 1 de mayo el Consejo Regional comenz\u00f3 una serie de reuniones por video conferencia con los Alcaldes de cada comuna de la regi\u00f3n, partiendo en la ma\u00f1ana con&#8230; <a class=\"read-more\" href=\"https:\/\/www.radiopresidenteibanez.cl\/web\/kusanovic-sobre-crisis-del-covid-19-puede-ser-una-gran-oportunidad-de-volvernos-mas-eficientes\/\">Leer m\u00e1s<\/a><\/p>\n","protected":false},"author":2,"featured_media":5543,"comment_status":"closed","ping_status":"closed","sticky":false,"template":"","format":"standard","meta":{"footnotes":""},"categories":[1],"tags":[],"class_list":["post-11611","post","type-post","status-publish","format-standard","has-post-thumbnail","hentry","category-cronica"],"_links":{"self":[{"href":"https:\/\/www.radiopresidenteibanez.cl\/web\/wp-json\/wp\/v2\/posts\/11611","targetHints":{"allow":["GET"]}}],"collection":[{"href":"https:\/\/www.radiopresidenteibanez.cl\/web\/wp-json\/wp\/v2\/posts"}],"about":[{"href":"https:\/\/www.radiopresidenteibanez.cl\/web\/wp-json\/wp\/v2\/types\/post"}],"author":[{"embeddable":true,"href":"https:\/\/www.radiopresidenteibanez.cl\/web\/wp-json\/wp\/v2\/users\/2"}],"replies":[{"embeddable":true,"href":"https:\/\/www.radiopresidenteibanez.cl\/web\/wp-json\/wp\/v2\/comments?post=11611"}],"version-history":[{"count":0,"href":"https:\/\/www.radiopresidenteibanez.cl\/web\/wp-json\/wp\/v2\/posts\/11611\/revisions"}],"wp:featuredmedia":[{"embeddable":true,"href":"https:\/\/www.radiopresidenteibanez.cl\/web\/wp-json\/wp\/v2\/media\/5543"}],"wp:attachment":[{"href":"https:\/\/www.radiopresidenteibanez.cl\/web\/wp-json\/wp\/v2\/media?parent=11611"}],"wp:term":[{"taxonomy":"category","embeddable":true,"href":"https:\/\/www.radiopresidenteibanez.cl\/web\/wp-json\/wp\/v2\/categories?post=11611"},{"taxonomy":"post_tag","embeddable":true,"href":"https:\/\/www.radiopresidenteibanez.cl\/web\/wp-json\/wp\/v2\/tags?post=11611"}],"curies":[{"name":"wp","href":"https:\/\/api.w.org\/{rel}","templated":true}]}}