{"id":11604,"date":"2020-05-04T14:16:28","date_gmt":"2020-05-04T14:16:28","guid":{"rendered":"https:\/\/www.radiopresidenteibanez.cl\/web\/?p=11604"},"modified":"2020-05-04T14:16:42","modified_gmt":"2020-05-04T14:16:42","slug":"trabajadora-afectada-por-covid-19-acudio-a-la-justicia-luego-de-que-empresa-publicara-su-nombre-en-diario-mural","status":"publish","type":"post","link":"https:\/\/www.radiopresidenteibanez.cl\/web\/trabajadora-afectada-por-covid-19-acudio-a-la-justicia-luego-de-que-empresa-publicara-su-nombre-en-diario-mural\/","title":{"rendered":"TRABAJADORA AFECTADA POR COVID-19 ACUDI\u00d3 A LA JUSTICIA LUEGO DE QUE EMPRESA PUBLICAR\u00c1 SU NOMBRE EN DIARIO MURAL"},"content":{"rendered":"\n<p>Una trabajadora de la Pesquera Torres del Paine, que\nlamentablemente es portadora de Coronavirus Covid-19, recurri\u00f3 de protecci\u00f3n\nante la Corte de Apelaciones, esto luego de que publicar\u00e1n sus datos y de otros\ncolegas que se encuentran en cuarentena en un diario mural de la empresa antes\nmencionada.<\/p>\n\n\n\n<p>La presentaci\u00f3n legal fue interpuesta por el abogado Robinson Quelin \u00c1lvarez, quien convers\u00f3 con nuestra emisora en el programa, \u201cAvenida 88.5\u201d, conducido por Cristofer Hern\u00e1ndez, expres\u00f3 que \u201ces un hecho lamentable que una empresa regional realice este accionar, situaci\u00f3n que hasta el momento no ha pasado en ninguna parte m\u00e1s del pa\u00eds\u201d.<\/p>\n\n\n\n<p>LINK ENTREVISTA:  <a href=\"https:\/\/www.facebook.com\/287588041574\/videos\/3249815728384850\/\">https:\/\/www.facebook.com\/287588041574\/videos\/3249815728384850\/<\/a> <\/p>\n\n\n\n<p><\/p>\n\n\n\n<p>CHH.<\/p>\n","protected":false},"excerpt":{"rendered":"<p>Una trabajadora de la Pesquera Torres del Paine, que lamentablemente es portadora de Coronavirus Covid-19, recurri\u00f3 de protecci\u00f3n ante la Corte de Apelaciones, esto luego de que publicar\u00e1n sus datos&#8230; <a class=\"read-more\" href=\"https:\/\/www.radiopresidenteibanez.cl\/web\/trabajadora-afectada-por-covid-19-acudio-a-la-justicia-luego-de-que-empresa-publicara-su-nombre-en-diario-mural\/\">Leer m\u00e1s<\/a><\/p>\n","protected":false},"author":2,"featured_media":11605,"comment_status":"closed","ping_status":"closed","sticky":false,"template":"","format":"standard","meta":{"footnotes":""},"categories":[1],"tags":[],"class_list":["post-11604","post","type-post","status-publish","format-standard","has-post-thumbnail","hentry","category-cronica"],"_links":{"self":[{"href":"https:\/\/www.radiopresidenteibanez.cl\/web\/wp-json\/wp\/v2\/posts\/11604","targetHints":{"allow":["GET"]}}],"collection":[{"href":"https:\/\/www.radiopresidenteibanez.cl\/web\/wp-json\/wp\/v2\/posts"}],"about":[{"href":"https:\/\/www.radiopresidenteibanez.cl\/web\/wp-json\/wp\/v2\/types\/post"}],"author":[{"embeddable":true,"href":"https:\/\/www.radiopresidenteibanez.cl\/web\/wp-json\/wp\/v2\/users\/2"}],"replies":[{"embeddable":true,"href":"https:\/\/www.radiopresidenteibanez.cl\/web\/wp-json\/wp\/v2\/comments?post=11604"}],"version-history":[{"count":0,"href":"https:\/\/www.radiopresidenteibanez.cl\/web\/wp-json\/wp\/v2\/posts\/11604\/revisions"}],"wp:featuredmedia":[{"embeddable":true,"href":"https:\/\/www.radiopresidenteibanez.cl\/web\/wp-json\/wp\/v2\/media\/11605"}],"wp:attachment":[{"href":"https:\/\/www.radiopresidenteibanez.cl\/web\/wp-json\/wp\/v2\/media?parent=11604"}],"wp:term":[{"taxonomy":"category","embeddable":true,"href":"https:\/\/www.radiopresidenteibanez.cl\/web\/wp-json\/wp\/v2\/categories?post=11604"},{"taxonomy":"post_tag","embeddable":true,"href":"https:\/\/www.radiopresidenteibanez.cl\/web\/wp-json\/wp\/v2\/tags?post=11604"}],"curies":[{"name":"wp","href":"https:\/\/api.w.org\/{rel}","templated":true}]}}