{"id":11602,"date":"2020-05-04T13:12:58","date_gmt":"2020-05-04T13:12:58","guid":{"rendered":"https:\/\/www.radiopresidenteibanez.cl\/web\/?p=11602"},"modified":"2020-05-04T13:13:02","modified_gmt":"2020-05-04T13:13:02","slug":"trabajo-y-poblacion-por-ernesto-sepulveda","status":"publish","type":"post","link":"https:\/\/www.radiopresidenteibanez.cl\/web\/trabajo-y-poblacion-por-ernesto-sepulveda\/","title":{"rendered":"TRABAJO Y POBLACI\u00d3N por ERNESTO SEPULVEDA"},"content":{"rendered":"\n<p>Los recientes datos\nsobre empleo entregados por el gobierno, que arrojan un aumento del desempleo\npara el trimestre enero-marzo de 2020, ponen una importante se\u00f1al de alarma.\nSeg\u00fan cifras del INE, de una fuerza de trabajo a nivel nacional de 9.744.230\npersonas, se registra una desocupaci\u00f3n del 8,2%. Siendo m\u00e1s fuerte a\u00fan el\ndesempleo para las mujeres, que registran un 9,7% versus un 7,1% de los\nhombres. De acuerdo a las cifras oficiales, en el pa\u00eds existir\u00edan 801.800\ndesocupados. Considerando asimismo, 2.580.640 personas registradas como\n\u201cOcupados informales\u201d, vale decir se consideran con ocupaci\u00f3n, pero se trata de\nactividades espor\u00e1dicas y sin cobertura previsional.<\/p>\n\n\n\n<p>En la regi\u00f3n de\nMagallanes, las cifras no fueron alentadoras, aunque sigue siendo una tasa que\nno llega a la mitad de la nacional,&nbsp;&nbsp;nuestra regi\u00f3n en el primer\ntrimestre del a\u00f1o fue un&nbsp; 4,7% de desocupaci\u00f3n, correspondiendo los\ndesocupados a 4,500 personas.<\/p>\n\n\n\n<p>Cabe se\u00f1alar que tanto\npara el nivel nacional, como para el nivel local, el impacto de la pandemia del\nCovid19, no alcanza a ser reflejado \u00edntegramente por esta encuesta de empleo.\nSe espera que en la siguiente entrega, se vea reflejado, con un aumento\nconsiderable de los desocupados. El banco Central ha estimado que la tasa de\ndesocupaci\u00f3n puede llegar a los dos d\u00edgitos, producto del cierre de empresas, y\nde los efectos de las medidas de restricci\u00f3n dispuestas por la autoridad.<\/p>\n\n\n\n<p>A nivel internacional,\ncifras&nbsp;r\u00e9cord&nbsp;de desocupados se han registrado en Estados Unidos,\nsuperando los registros de la crisis subprime de 2008, acerc\u00e1ndose al impacto\nde la crisis de 1929.<\/p>\n\n\n\n<p>En todo el mundo, los\ngobiernos, las organizaciones civiles, las empresas, los organismos\ninternacionales, debaten hoy, acerca de este desaf\u00edo. C\u00f3mo lograremos recuperar\ngradualmente el ritmo de la econom\u00eda, sin descuidar las m\u00e1ximas medidas\nsanitarias de cuidado. Se ha hablado de una \u201cnueva normalidad\u201d, frase que ha\nsido replicada en Chile, sin mucho \u00e9xito comunicacional. Convengamos en que la\ncrisis sanitaria, social y econ\u00f3mica, nos sorprende en medio de una crisis\npol\u00edtica de proporciones. Y en momentos en que la l\u00f3gica y la racionalidad\nindican que hay que tener un solo mando, una sola coordinaci\u00f3n de acciones, las\npasiones y odiosidades, han reaparecido.<\/p>\n\n\n\n<p>Buscando otras voces,\nque puedan aportar a que encontremos nuestros propios caminos. Leo que el World\nEconomic Forum, sostiene que la crisis de la pandemia, afectar\u00e1 a los pa\u00edses,\nen mayor o menor medida, dependiendo de sus condiciones demogr\u00e1ficas.&nbsp;&nbsp;En\ngrandes potencias econ\u00f3micas, como Alemania y Jap\u00f3n, se aprecia poblaciones\nenvejeciendo r\u00e1pidamente, lo que contrasta con regiones menos desarrolladas, o\nen v\u00edas de desarrollo como Medio Oriente y el&nbsp;\u00c1frica&nbsp;subsahariana,\nque tienen una poblaci\u00f3n mayoritariamente joven.<\/p>\n\n\n\n<p>La mayor o menor\nfacilidad que tendremos como pa\u00eds, para enfrentar el flagelo de la crisis\necon\u00f3mica y la desocupaci\u00f3n, deber\u00e1 considerar como est\u00e1 constituida nuestra\nfuerza de trabajo. Si en Alemania el a\u00f1o 2017 la poblaci\u00f3n mayor de 65 a\u00f1os,\nrepresentaba el 21% de la poblaci\u00f3n, en Chile representa en 12%. Si ampliamos\nel rango, tenemos que en Chile la poblaci\u00f3n con 25 a\u00f1os o m\u00e1s, representa el\n65,39% de la poblaci\u00f3n total. Y si consideramos los rangos de poblaci\u00f3n con\nmayor edad, tenemos que el 22,45% de las personas tiene 55 o m\u00e1s a\u00f1os.<\/p>\n\n\n\n<p>Chile tiene un sistema\nde pensiones, que no es ni universal ni solidario, y que impide a las personas\nsubsistir solo con la pensi\u00f3n o jubilaci\u00f3n. Eso lleva a que la fuerza de\ntrabajo est\u00e9 y va a seguir estando integrada mayoritariamente por personas de\nlos tramos de mayor edad.&nbsp;&nbsp;Eso nos lleva a la necesidad de asegurar\nuna formaci\u00f3n continua de la fuerza de trabajo. Lo que en pa\u00edses desarrollados\nse ha resuelto con incorporaci\u00f3n de mayor tecnolog\u00eda, IA, y rob\u00f3tica, como en\nJap\u00f3n. O con programas de inmigraci\u00f3n para suplir los empleos faltantes, como\nha ocurrido con Alemania.<\/p>\n\n\n\n<p>Contar con una fuerza\nde trabajo calificada, implica proporcionar a las personas herramientas para\nque adquieran las competencias necesarias. Estas competencias, son las m\u00e1s\npertinentes o adecuadas para desarrollar las ocupaciones que nuestra econom\u00eda\ndemanda. No s\u00f3lo se incluye aqu\u00ed aquellas competencias propias de las funciones\nt\u00e9cnicas, sino las de un amplio espectro de ocupaciones, requeridas para\nproducir el desarrollo econ\u00f3mico, social y personal.<\/p>\n\n\n\n<p>Requerimos con\nurgencia en Chile, que se fortalezca el sistema de formaci\u00f3n continua, de los\ntrabajadores. Que la educaci\u00f3n y formaci\u00f3n para el trabajo contin\u00fae a lo largo\nde toda la vida laboral, garantizar\u00e1 siempre contar con el personal calificado\nque las empresas necesitan. Asimismo, se rescata el valor de los trabajadores\ncon experiencia, que logran adaptarse a los cambios producidos en su ciclo\nlaboral.<\/p>\n\n\n\n<p>Incorporar a Chile a\nla cuarta revoluci\u00f3n industrial, requiere hacerse cargo de las brechas\nexistentes en la fuerza de trabajo. Seg\u00fan cita el World Economic Forum, un\nestudio de la Organizaci\u00f3n de Naciones Unidas para la Educaci\u00f3n, ciencias y\ncultura, ha establecido \u201c<em>Brindar aprendizaje flexible de nuevas habilidades\no ayudar a los empleados a adquirir nuevas habilidades ser\u00e1n un m\u00e9todo clave\npara mitigar el desempleo, el acceso desigual a recursos y la inactividad. Un\nentorno de formaci\u00f3n din\u00e1mico tiene el potencial de proporcionar profesiones\nplenamente enriquecedoras para los trabajadores y de fomentar la cohesi\u00f3n\nsocial\u201d.<\/em><\/p>\n\n\n\n<p>Se estima que al menos\nun 84% del talento de personas menores de 25 a\u00f1os, en el mundo, se logra\noptimizar a trav\u00e9s de la educaci\u00f3n. En tanto, cuando se trata de personas que\ntienen m\u00e1s de 25 a\u00f1os, ese porcentaje baja al 45%.<\/p>\n\n\n\n<p>La tensi\u00f3n a la que\nest\u00e1 sometido el aparato productivo, va a producir que en algunos casos, se\nanticipen decisiones de inversi\u00f3n, para introducir tecnolog\u00eda, que sustituya en\nparte tareas desarrolladas hasta ahora s\u00f3lo por personas. En otros casos, las\ndecisiones van a llevar al cambio de giro de las empresas, y a la adaptaci\u00f3n a\nun nuevo tipo de sociedad. En otros casos las empresas no se van a lograr\nadaptar a las nuevas circunstancias y a los nuevos desaf\u00edos. En la econom\u00eda\npost Covid19, los trabajadores que queden desocupados, deber\u00e1n recibir,\nherramientas pertinentes a las nuevas competencias requeridas.<\/p>\n\n\n\n<p>La necesidad es madre\nde la ciencia. Un tedioso viaje de 4 horas en tren, para poder visitar a su\nnovia,&nbsp;&nbsp;fue el motivante para que&nbsp;&nbsp;Eric Yuan llegar\u00e1 a\u00f1os\ndespu\u00e9s a crear la aplicaci\u00f3n Zoom de&nbsp;v\u00eddeo&nbsp;llamadas. A ra\u00edz de la\npandemia, se transform\u00f3 en la plataforma usada por cientos de millones de\npersonas en todo el mundo. E hizo a Eric Yuan uno de los hombres m\u00e1s ricos del\nmundo.<\/p>\n\n\n\n<p>Soy un convencido, que\nel desaf\u00edo al que estamos sometidos como pa\u00eds, nos va a fortalecer, nos va a\npermitir encontrar nuestro camino com\u00fan, para construir una sociedad donde la\nprosperidad se comparta con justicia.<\/p>\n\n\n\n<p>Ernesto Sep\u00falveda\nTornero<\/p>\n","protected":false},"excerpt":{"rendered":"<p>Los recientes datos sobre empleo entregados por el gobierno, que arrojan un aumento del desempleo para el trimestre enero-marzo de 2020, ponen una importante se\u00f1al de alarma. Seg\u00fan cifras del&#8230; <a class=\"read-more\" href=\"https:\/\/www.radiopresidenteibanez.cl\/web\/trabajo-y-poblacion-por-ernesto-sepulveda\/\">Leer m\u00e1s<\/a><\/p>\n","protected":false},"author":2,"featured_media":2310,"comment_status":"closed","ping_status":"closed","sticky":false,"template":"","format":"standard","meta":{"footnotes":""},"categories":[1],"tags":[],"class_list":["post-11602","post","type-post","status-publish","format-standard","has-post-thumbnail","hentry","category-cronica"],"_links":{"self":[{"href":"https:\/\/www.radiopresidenteibanez.cl\/web\/wp-json\/wp\/v2\/posts\/11602","targetHints":{"allow":["GET"]}}],"collection":[{"href":"https:\/\/www.radiopresidenteibanez.cl\/web\/wp-json\/wp\/v2\/posts"}],"about":[{"href":"https:\/\/www.radiopresidenteibanez.cl\/web\/wp-json\/wp\/v2\/types\/post"}],"author":[{"embeddable":true,"href":"https:\/\/www.radiopresidenteibanez.cl\/web\/wp-json\/wp\/v2\/users\/2"}],"replies":[{"embeddable":true,"href":"https:\/\/www.radiopresidenteibanez.cl\/web\/wp-json\/wp\/v2\/comments?post=11602"}],"version-history":[{"count":0,"href":"https:\/\/www.radiopresidenteibanez.cl\/web\/wp-json\/wp\/v2\/posts\/11602\/revisions"}],"wp:featuredmedia":[{"embeddable":true,"href":"https:\/\/www.radiopresidenteibanez.cl\/web\/wp-json\/wp\/v2\/media\/2310"}],"wp:attachment":[{"href":"https:\/\/www.radiopresidenteibanez.cl\/web\/wp-json\/wp\/v2\/media?parent=11602"}],"wp:term":[{"taxonomy":"category","embeddable":true,"href":"https:\/\/www.radiopresidenteibanez.cl\/web\/wp-json\/wp\/v2\/categories?post=11602"},{"taxonomy":"post_tag","embeddable":true,"href":"https:\/\/www.radiopresidenteibanez.cl\/web\/wp-json\/wp\/v2\/tags?post=11602"}],"curies":[{"name":"wp","href":"https:\/\/api.w.org\/{rel}","templated":true}]}}