{"id":11599,"date":"2020-05-04T12:56:22","date_gmt":"2020-05-04T12:56:22","guid":{"rendered":"https:\/\/www.radiopresidenteibanez.cl\/web\/?p=11599"},"modified":"2020-05-04T12:56:26","modified_gmt":"2020-05-04T12:56:26","slug":"sucursal-de-chileatiende-en-porvenir-realiza-atenciones-presenciales-martes-y-jueves","status":"publish","type":"post","link":"https:\/\/www.radiopresidenteibanez.cl\/web\/sucursal-de-chileatiende-en-porvenir-realiza-atenciones-presenciales-martes-y-jueves\/","title":{"rendered":"SUCURSAL DE CHILEATIENDE EN PORVENIR REALIZA ATENCIONES PRESENCIALES MARTES Y JUEVES"},"content":{"rendered":"\n<p>Desde el martes (28 de abril), la sucursal de ChileAtiende\nen Porvenir se encuentra abriendo sus puertas dos d\u00edas a la semana para la\natenci\u00f3n de p\u00fablico: martes y jueves de 8:30 a 13 horas.<\/p>\n\n\n\n<p>Lo anterior, como una forma de entregar m\u00e1s facilidades a la\ncomunidad para que puedan realizar sus tr\u00e1mites de manera personal, siempre\ntomando los resguardos para cuidar la salud de funcionarios y del p\u00fablico en\ngeneral. El resto de la semana, quienes deseen realizar alg\u00fan tr\u00e1mite, deben\ncomunicarse directamente con la jefa de sucursal, Daniana Alarc\u00f3n, al tel\u00e9fono\n+56 9 56882580 o al correo daniana.alarcon@chileatiende.cl, entre las 9 y 17\nhoras.<\/p>\n\n\n\n<p>\u201cEstamos realizando todos los esfuerzos para poder atender\nla gran cantidad de demandas que han existido por parte de la comunidad durante\nesta emergencia sanitaria. Hemos tenido que adaptarnos r\u00e1pidamente, para poder\nsolucionar las diferentes consultas y tr\u00e1mites de la manera m\u00e1s expedita\nposible, y siempre resguardando la salud de la comunidad y de nuestros\nfuncionarios, que han mostrado una gran disposici\u00f3n para ayudar a nuestros\nusuarios\u201d, afirm\u00f3 el director regional del IPS, Eduardo Barahona Kompatzki.<\/p>\n\n\n\n<p>En el caso de la sucursal de Puerto Natales, desde la\nprimera semana de mayo, se puede acudir v\u00eda presencial los martes y mi\u00e9rcoles,\nentre las 8:30 y las 13 horas, mientras que lunes, jueves y viernes, se\natender\u00e1 de manera remota, a trav\u00e9s del celular +56 9 94327659, del funcionario\nAndr\u00e9s Maass (Entre las 9 y 17 horas).<\/p>\n\n\n\n<p>En Puerto Williams, la sucursal se encuentra cerrada, y s\u00f3lo\nexiste atenci\u00f3n de manera remota, a trav\u00e9s del tel\u00e9fono +56 9 66098089 (Flor\nAlvarado), entre las 9 y 17 horas.<\/p>\n\n\n\n<p>Finalmente, en Punta Arenas, las atenciones se mantienen de\nmanera remota, a trav\u00e9s de los siguientes tel\u00e9fonos o correos electr\u00f3nicos de\nemergencia, que se encuentran atendiendo entre las 9 y 17 horas: Carlos\nMadariaga (+56 9 66164236, correo: carlos.madariaga@chileatiende.cl); Julia\nMu\u00f1oz (+56 9 56882524, correo: julia.munoz@chileatiende.cl); o Eduardo Barahona\n(+56 9 52379415, correo: eduardo.j.barahona@chileatiende.cl).&nbsp; <\/p>\n","protected":false},"excerpt":{"rendered":"<p>Desde el martes (28 de abril), la sucursal de ChileAtiende en Porvenir se encuentra abriendo sus puertas dos d\u00edas a la semana para la atenci\u00f3n de p\u00fablico: martes y jueves&#8230; <a class=\"read-more\" href=\"https:\/\/www.radiopresidenteibanez.cl\/web\/sucursal-de-chileatiende-en-porvenir-realiza-atenciones-presenciales-martes-y-jueves\/\">Leer m\u00e1s<\/a><\/p>\n","protected":false},"author":2,"featured_media":11600,"comment_status":"closed","ping_status":"closed","sticky":false,"template":"","format":"standard","meta":{"footnotes":""},"categories":[1],"tags":[],"class_list":["post-11599","post","type-post","status-publish","format-standard","has-post-thumbnail","hentry","category-cronica"],"_links":{"self":[{"href":"https:\/\/www.radiopresidenteibanez.cl\/web\/wp-json\/wp\/v2\/posts\/11599","targetHints":{"allow":["GET"]}}],"collection":[{"href":"https:\/\/www.radiopresidenteibanez.cl\/web\/wp-json\/wp\/v2\/posts"}],"about":[{"href":"https:\/\/www.radiopresidenteibanez.cl\/web\/wp-json\/wp\/v2\/types\/post"}],"author":[{"embeddable":true,"href":"https:\/\/www.radiopresidenteibanez.cl\/web\/wp-json\/wp\/v2\/users\/2"}],"replies":[{"embeddable":true,"href":"https:\/\/www.radiopresidenteibanez.cl\/web\/wp-json\/wp\/v2\/comments?post=11599"}],"version-history":[{"count":0,"href":"https:\/\/www.radiopresidenteibanez.cl\/web\/wp-json\/wp\/v2\/posts\/11599\/revisions"}],"wp:featuredmedia":[{"embeddable":true,"href":"https:\/\/www.radiopresidenteibanez.cl\/web\/wp-json\/wp\/v2\/media\/11600"}],"wp:attachment":[{"href":"https:\/\/www.radiopresidenteibanez.cl\/web\/wp-json\/wp\/v2\/media?parent=11599"}],"wp:term":[{"taxonomy":"category","embeddable":true,"href":"https:\/\/www.radiopresidenteibanez.cl\/web\/wp-json\/wp\/v2\/categories?post=11599"},{"taxonomy":"post_tag","embeddable":true,"href":"https:\/\/www.radiopresidenteibanez.cl\/web\/wp-json\/wp\/v2\/tags?post=11599"}],"curies":[{"name":"wp","href":"https:\/\/api.w.org\/{rel}","templated":true}]}}