{"id":11588,"date":"2020-05-03T18:08:31","date_gmt":"2020-05-03T18:08:31","guid":{"rendered":"https:\/\/www.radiopresidenteibanez.cl\/web\/?p=11588"},"modified":"2020-05-03T18:08:36","modified_gmt":"2020-05-03T18:08:36","slug":"pdi-detuvo-a-un-sujeto-por-lesiones-en-contexto-de-violencia-intrafamiliar","status":"publish","type":"post","link":"https:\/\/www.radiopresidenteibanez.cl\/web\/pdi-detuvo-a-un-sujeto-por-lesiones-en-contexto-de-violencia-intrafamiliar\/","title":{"rendered":"PDI DETUVO A UN SUJETO POR LESIONES EN CONTEXTO DE VIOLENCIA INTRAFAMILIAR"},"content":{"rendered":"\n<p>La ma\u00f1ana de este s\u00e1bado, detectives de la PDI de Punta Arenas detuvieron a\nun hombre de 39 a\u00f1os por el delito flagrante de lesiones menos graves en\ncontexto de violencia intrafamiliar.<\/p>\n\n\n\n<p>Fue a trav\u00e9s de un llamado telef\u00f3nico realizado al fono 134 de la PDI en\ndonde se alert\u00f3 que una mujer estaba siendo agredida f\u00edsicamente, en una\nvivienda en el sector poniente de Punta Arenas, por lo que r\u00e1pidamente\ndetectives se trasladaron hasta el lugar. <\/p>\n\n\n\n<p>Seg\u00fan se\u00f1al\u00f3 el subprefecto Jaime Rossel, jefe de la Brigada de\nInvestigaci\u00f3n Criminal (Bicrim) Punta Arenas, se logr\u00f3 ubicar y detener al\nimputado, c\u00f3nyuge de la v\u00edctima, quien se encontraba en la vivienda, en estado\nde ebriedad.<\/p>\n\n\n\n<p>El sujeto fue llevado hasta el cuartel policial, mientras que la mujer v\u00edctima\nde violencia intrafamiliar, fue trasladada al hospital para su atenci\u00f3n y\nconstataci\u00f3n de lesiones.<\/p>\n\n\n\n<p>Los antecedentes fueron puestos a disposici\u00f3n de la Fiscal\u00eda Local de Punta\nArenas y la tarde de este s\u00e1bado el hombre fue formalizando a trav\u00e9s de la\nmodalidad de video conferencia, debido a la emergencia sanitaria que se vive en\nel pa\u00eds. El Juzgado de Garant\u00eda de Punta Arenas decret\u00f3 la prisi\u00f3n preventiva,\nmientras dure la investigaci\u00f3n. <\/p>\n","protected":false},"excerpt":{"rendered":"<p>La ma\u00f1ana de este s\u00e1bado, detectives de la PDI de Punta Arenas detuvieron a un hombre de 39 a\u00f1os por el delito flagrante de lesiones menos graves en contexto de&#8230; <a class=\"read-more\" href=\"https:\/\/www.radiopresidenteibanez.cl\/web\/pdi-detuvo-a-un-sujeto-por-lesiones-en-contexto-de-violencia-intrafamiliar\/\">Leer m\u00e1s<\/a><\/p>\n","protected":false},"author":2,"featured_media":4141,"comment_status":"closed","ping_status":"closed","sticky":false,"template":"","format":"standard","meta":{"footnotes":""},"categories":[1],"tags":[],"class_list":["post-11588","post","type-post","status-publish","format-standard","has-post-thumbnail","hentry","category-cronica"],"_links":{"self":[{"href":"https:\/\/www.radiopresidenteibanez.cl\/web\/wp-json\/wp\/v2\/posts\/11588","targetHints":{"allow":["GET"]}}],"collection":[{"href":"https:\/\/www.radiopresidenteibanez.cl\/web\/wp-json\/wp\/v2\/posts"}],"about":[{"href":"https:\/\/www.radiopresidenteibanez.cl\/web\/wp-json\/wp\/v2\/types\/post"}],"author":[{"embeddable":true,"href":"https:\/\/www.radiopresidenteibanez.cl\/web\/wp-json\/wp\/v2\/users\/2"}],"replies":[{"embeddable":true,"href":"https:\/\/www.radiopresidenteibanez.cl\/web\/wp-json\/wp\/v2\/comments?post=11588"}],"version-history":[{"count":0,"href":"https:\/\/www.radiopresidenteibanez.cl\/web\/wp-json\/wp\/v2\/posts\/11588\/revisions"}],"wp:featuredmedia":[{"embeddable":true,"href":"https:\/\/www.radiopresidenteibanez.cl\/web\/wp-json\/wp\/v2\/media\/4141"}],"wp:attachment":[{"href":"https:\/\/www.radiopresidenteibanez.cl\/web\/wp-json\/wp\/v2\/media?parent=11588"}],"wp:term":[{"taxonomy":"category","embeddable":true,"href":"https:\/\/www.radiopresidenteibanez.cl\/web\/wp-json\/wp\/v2\/categories?post=11588"},{"taxonomy":"post_tag","embeddable":true,"href":"https:\/\/www.radiopresidenteibanez.cl\/web\/wp-json\/wp\/v2\/tags?post=11588"}],"curies":[{"name":"wp","href":"https:\/\/api.w.org\/{rel}","templated":true}]}}