{"id":11585,"date":"2020-05-03T18:06:03","date_gmt":"2020-05-03T18:06:03","guid":{"rendered":"https:\/\/www.radiopresidenteibanez.cl\/web\/?p=11585"},"modified":"2020-05-03T18:06:07","modified_gmt":"2020-05-03T18:06:07","slug":"gobierno-lanza-campana-para-prevenir-el-abandono-de-mascotas-por-covid-19","status":"publish","type":"post","link":"https:\/\/www.radiopresidenteibanez.cl\/web\/gobierno-lanza-campana-para-prevenir-el-abandono-de-mascotas-por-covid-19\/","title":{"rendered":"GOBIERNO LANZA CAMPA\u00d1A PARA PREVENIR EL ABANDONO DE MASCOTAS POR COVID-19"},"content":{"rendered":"\n<p>Distintas organizaciones de protecci\u00f3n animal presentes en territorio nacional han dado cuenta de su preocupaci\u00f3n por un significativo aumento de perros y gatos abandonados en las calles, esto, como una de las consecuencias de la emergencia sanitaria que experimenta nuestro pa\u00eds debido a la propagaci\u00f3n del Covid-19.<\/p>\n\n\n\n<p>Debido a esto, y con el objetivo de informar a la comunidad sobre la situaci\u00f3n del coronavirus y las mascotas, para prevenir el abandono y fomentar el cuidado y protecci\u00f3n de los mismos, el Programa Mascota Protegida, perteneciente a la Subsecretar\u00eda de Desarrollo Regional, (Subdere), lanz\u00f3 la campa\u00f1a #CuidemosNuestrasMascotas, el que adem\u00e1s busca reimpulsar la adopci\u00f3n y continuar trabajando de manera conjunta con las organizaciones de protecci\u00f3n de mascotas para promover la tenencia responsable.<\/p>\n\n\n\n<p>Para el Subsecretario de Desarrollo Regional, Claudio Alvarado, este efecto es \u201cmuy lamentable. Hemos recibido alertas de que, durante las \u00faltimas semanas en las que hemos estado con la pandemia del Coronavirus, muchos due\u00f1os est\u00e1n abandonando a sus mascotas dej\u00e1ndolas en la calle. Queremos invitar a cuidarlas, a protegerlas, y ojal\u00e1, a quienes no tienen, a adoptar una. Nuestras mascotas son un integrante m\u00e1s en las familias y no podemos dejarlas de lado\u201d, indic\u00f3.<\/p>\n\n\n\n<p>En ese sentido, Carolina Guerrero, coordinadora nacional del Programa Mascota Protegida, enfatiz\u00f3 en que \u201ccuando m\u00e1s sufren los animales es, precisamente, en las situaciones de emergencias y cat\u00e1strofes; especialmente los animales en situaci\u00f3n de calle. Por eso, el llamado es a abrir nuestros corazones, acercarse a las organizaciones de rescate, y adoptar una mascota y por supuesto a no abandonar, ellos dependen 100 por ciento de nosotros\u201d.<\/p>\n\n\n\n<p>Asimismo, Guerrero destaca que diversas organizaciones internacionales como la World Small Animal Veterinary Asociation (WSAVA), han reiterado que la evidencia cient\u00edfica recopilada hasta el momento no recoge nociones de que animales de compa\u00f1\u00eda como perros y gatos puedan ser portadores o contagiar el Covid-19.<\/p>\n\n\n\n<p><strong>Testimonios de organizaciones de ayuda animal<\/strong><\/p>\n\n\n\n<p>Una de las fundaciones que ha manifestado su preocupaci\u00f3n por este tema es la Fundaci\u00f3n V\u00ednculo Humano Animal -que trabaja en la Regi\u00f3n Metropolitana-, la que realiz\u00f3 una comparaci\u00f3n de la cantidad de gatos rescatados durante todo el 2019 y lo que va de 2020. Al respecto, su encargada, Claudia Ru\u00edz, indic\u00f3 que: \u201cel a\u00f1o pasado manten\u00edamos 160 gatos en nuestro albergue y 100 de ellos fueron dados en adopci\u00f3n. Este a\u00f1o, previo al coronavirus ten\u00edamos 60 gatos, y desde entonces ya hemos rescatado otros 20 peque\u00f1os y adultos. Adem\u00e1s, como fundaci\u00f3n hemos recibido&nbsp; avisos de 300&nbsp; gatos abandonados en las calles\u201d, detall\u00f3.<\/p>\n\n\n\n<p>Otro indicador que corrobora la percepci\u00f3n de las organizaciones tiene que ver la cantidad de animales que alimentan diariamente en las calles. Seg\u00fan indica Ru\u00edz, \u201chasta marzo de este a\u00f1o aliment\u00e1bamos a 200 gatos callejeros, hoy son casi 500\u201d.<\/p>\n\n\n\n<p>A lo anterior se suma la experiencia de la organizaci\u00f3n Mussa -tambi\u00e9n de la RM-, dirigida por Denise Musiet, quien afirm\u00f3 que \u201cesta pandemia ha tenido efectos muy importantes con&nbsp;respecto a los animales y a la tenencia responsable de mascotas. Lamentablemente nos hemos encontrado con que hay una mayor tasa de abandono. Nos hemos encontrado con camadas de cachorros y gatos beb\u00e9s que han sido abandonados precisamente por esta situaci\u00f3n\u201d.<\/p>\n\n\n\n<p>En las otras regiones del pa\u00eds la situaci\u00f3n es similar.&nbsp;Cristi\u00e1n Araya, perteneciente en la organizaci\u00f3n Callejeros Tocopilla, en la regi\u00f3n de Arica, cuenta que la situaci\u00f3n de abandono \u201cempeor\u00f3 cuando se comenz\u00f3 a decir que los animales igual se contagian con el virus\u201d. &nbsp;<\/p>\n\n\n\n<p>Sin embargo, Chile no es el \u00fanico pa\u00eds que ha evidenciado este comportamiento por parte de los tenedores de mascotas. El m\u00e9dico veterinario y Mag\u00edster en Salud P\u00fablica, Fabi\u00e1n Esp\u00ednola, afirm\u00f3 que, la situaci\u00f3n se repite en pa\u00edses como Colombia y China. \u201cHay personas que est\u00e1n abandonando animales, otras que est\u00e1n quemando murci\u00e9lagos, personas que est\u00e1n tratando de matar gatos y eso es un tremendo error (\u2026) de acuerdo a autoridades de distinta \u00edndole, como la Organizaci\u00f3n Mundial de la Salud (OMS), los animales no transmiten la enfermedad a las personas\u201d, sostuvo el profesional.<\/p>\n","protected":false},"excerpt":{"rendered":"<p>Distintas organizaciones de protecci\u00f3n animal presentes en territorio nacional han dado cuenta de su preocupaci\u00f3n por un significativo aumento de perros y gatos abandonados en las calles, esto, como una&#8230; <a class=\"read-more\" href=\"https:\/\/www.radiopresidenteibanez.cl\/web\/gobierno-lanza-campana-para-prevenir-el-abandono-de-mascotas-por-covid-19\/\">Leer m\u00e1s<\/a><\/p>\n","protected":false},"author":2,"featured_media":11586,"comment_status":"closed","ping_status":"closed","sticky":false,"template":"","format":"standard","meta":{"footnotes":""},"categories":[1],"tags":[],"class_list":["post-11585","post","type-post","status-publish","format-standard","has-post-thumbnail","hentry","category-cronica"],"_links":{"self":[{"href":"https:\/\/www.radiopresidenteibanez.cl\/web\/wp-json\/wp\/v2\/posts\/11585","targetHints":{"allow":["GET"]}}],"collection":[{"href":"https:\/\/www.radiopresidenteibanez.cl\/web\/wp-json\/wp\/v2\/posts"}],"about":[{"href":"https:\/\/www.radiopresidenteibanez.cl\/web\/wp-json\/wp\/v2\/types\/post"}],"author":[{"embeddable":true,"href":"https:\/\/www.radiopresidenteibanez.cl\/web\/wp-json\/wp\/v2\/users\/2"}],"replies":[{"embeddable":true,"href":"https:\/\/www.radiopresidenteibanez.cl\/web\/wp-json\/wp\/v2\/comments?post=11585"}],"version-history":[{"count":0,"href":"https:\/\/www.radiopresidenteibanez.cl\/web\/wp-json\/wp\/v2\/posts\/11585\/revisions"}],"wp:featuredmedia":[{"embeddable":true,"href":"https:\/\/www.radiopresidenteibanez.cl\/web\/wp-json\/wp\/v2\/media\/11586"}],"wp:attachment":[{"href":"https:\/\/www.radiopresidenteibanez.cl\/web\/wp-json\/wp\/v2\/media?parent=11585"}],"wp:term":[{"taxonomy":"category","embeddable":true,"href":"https:\/\/www.radiopresidenteibanez.cl\/web\/wp-json\/wp\/v2\/categories?post=11585"},{"taxonomy":"post_tag","embeddable":true,"href":"https:\/\/www.radiopresidenteibanez.cl\/web\/wp-json\/wp\/v2\/tags?post=11585"}],"curies":[{"name":"wp","href":"https:\/\/api.w.org\/{rel}","templated":true}]}}