{"id":11576,"date":"2020-05-02T18:15:59","date_gmt":"2020-05-02T18:15:59","guid":{"rendered":"https:\/\/www.radiopresidenteibanez.cl\/web\/?p=11576"},"modified":"2020-05-02T21:38:32","modified_gmt":"2020-05-02T21:38:32","slug":"una-vision-de-venezuela-por-tolentino-perez-soto","status":"publish","type":"post","link":"https:\/\/www.radiopresidenteibanez.cl\/web\/una-vision-de-venezuela-por-tolentino-perez-soto\/","title":{"rendered":"\u00abUNA VISI\u00d3N DE VENEZUELA\u00bb por TOLENTINO P\u00c9REZ SOTO"},"content":{"rendered":"\n<p>Muchos amigos de&nbsp;\nChile me escriben para saber del inexplicable desastre que vive\nVenezuela y, como agregado, porqu\u00e9 el virus chino no ha impactado como lo ha\nhecho en otros pa\u00edses. Ser\u00eda mucha presunci\u00f3n ser categ\u00f3rico en una\nrespuesta\u2026m\u00e1s a\u00fan cuando la estoy emitiendo improvisamente al correr del\nteclado.&nbsp; <\/p>\n\n\n\n<p>&nbsp; Primero, en\ncuanto a la pandemia, es un tema que, creo, no debe analizarse s\u00f3lo a trav\u00e9s de\nla frialdad num\u00e9rica\u2026que efectivamente resulta sorprendente frente a evaluaciones\nen otros pa\u00edses. Aclarando con honestidad que mi opini\u00f3n puede ser sesgada dada\nmi apreciaci\u00f3n que tengo del gobierno, en el caso concreto de la pandemia debo\nreconocer que el r\u00e9gimen ha actuado con evidente acierto y oportunismo.\nEn efecto,&nbsp;&nbsp; tuvo la habilidad estrat\u00e9gica\nde actuar apenas sali\u00f3 la noticia en China y cuando nadie avizoraba los\nalcances masivos del famoso virus. Digo viveza estrat\u00e9gica porque en ese\nmomento la situaci\u00f3n del pa\u00eds hab\u00eda logrado <strong>el m\u00e1s alto nivel&nbsp; de un pa\u00eds\ninvivible\u2026<\/strong> con claras evidencias del fin. (sin comida, sin gas, sin luz,\nsin gasolina, sin servicios p\u00fablicos, sin actividad bancaria, sin dinero\nefectivo, sin transporte, sin producci\u00f3n petrolera, sin apoyo internacional,\nprobadamente dedicado al narco, con amenaza de juicios formales y \u00f3rdenes de\napresamiento a la l\u00ednea jer\u00e1rquica mayor del gobierno, el asomo de&nbsp; sublevaci\u00f3n popular y etc. etc. etc.).<\/p>\n\n\n\n<p>Repito, en ese escenario de \u201ctsunami desbordado\u201d\naparece la noticia del \u201cbicho oriental\u201d y el habilidoso G-2 cubano aprovecha la\ncoyuntura <strong>para armar un<\/strong> <strong>Shaw gigante para \u201catajar la muerte\ninminente\u201d del coronavid. <\/strong>Todo el mundo confinado y <strong>los problemas del pa\u00eds aumentando pero en el m\u00e1s absoluto silencio e\ninmovilizaci\u00f3n.<\/strong><\/p>\n\n\n\n<p>Insisto en definir de exitoso <strong>oportunismo<\/strong> porque la \u201cdefensa sanitaria\u201d se anticip\u00f3 para\ntapar la ebullici\u00f3n general que se ven\u00eda. Ahora, hay dos hechos que no quiero\nafirmarlos pero que hay noticias serias que crean sobradas dudas: 1) las\nestad\u00edsticas oficiales, cuya fuente provienen de Miraflores donde funciona el\nComando G-2,&nbsp;&nbsp; generan justificadas\nsospechas (hay evidencias en registros hospitalarios que no coinciden con los\nboletines del gobierno. 2.- Es dif\u00edcil el ingreso de personas infectadas porque\nhace 4 meses que las fronteras cerradas y los servicios a\u00e9reos y terrestres est\u00e1n\nsuspendidos. El proceso migratorio es de salida clandestina y no de ingresos al\npa\u00eds. En esas condiciones de escas\u00edsimo acceso al pa\u00eds son pocas las posibles\npersonas portadoras.<\/p>\n\n\n\n<p>Bueno, &nbsp;para\nreiterar mi posici\u00f3n subjetiva y quiz\u00e1s sesgada, insisto que es mi opini\u00f3n\npersonal y que comparte gran parte de los venezolanos que vivimos en esta\ninexplicable caldera. En todo caso, repito, es un insumo con carga quiz\u00e1s\nsubjetiva, pero que sirve para matizar otras opiniones. (Subjetiva pero\nrespaldada por todas las encuestas de Venezuela y del exterior) <\/p>\n\n\n\n<p>Ahora, saliendo del \u201crating-viros\u201d, lo que viene no es\nalentador: un 90 por ciento de venezolanos est\u00e1n sin salir de sus casas (la\npresi\u00f3n policial, especialidad de los reg\u00edmenes autoritarios, es muy\neficaz)\u2026encerrados sin luz, &nbsp;con sueldos &nbsp;&nbsp;-los que trabajan-&nbsp; de 4 d\u00f3lares mensuales, sin comida, sin gas,\nsin noticias, sin servicios de salud, sin medicamentos, &nbsp;con familias comiendo en los basureros, sin\nvoluntad de acuerdos humanitarios, con una emigraci\u00f3n de profesionales y\nj\u00f3venes superior a los 5 millones\u2026\u00bfQUI\u00c9N AGUANTA UNA PRESI\u00d3N DE TANTA &nbsp;TORTURA?. O se muere de virosis o de inanici\u00f3n-<\/p>\n\n\n\n<p>&nbsp;Venezuela,\nconsiderando que era un ejemplo de bienestar&nbsp;\n-como lo dije en art\u00edculo anterior-&nbsp;\n<strong>es un inexplicable milagro al\nrev\u00e9s<\/strong>.<\/p>\n\n\n\n<p><strong>*perdonen la improvisaci\u00f3n &#8230; quiz\u00e1s desgarradora pero visible<\/strong>.<\/p>\n","protected":false},"excerpt":{"rendered":"<p>Muchos amigos de&nbsp; Chile me escriben para saber del inexplicable desastre que vive Venezuela y, como agregado, porqu\u00e9 el virus chino no ha impactado como lo ha hecho en otros&#8230; <a class=\"read-more\" href=\"https:\/\/www.radiopresidenteibanez.cl\/web\/una-vision-de-venezuela-por-tolentino-perez-soto\/\">Leer m\u00e1s<\/a><\/p>\n","protected":false},"author":2,"featured_media":11582,"comment_status":"closed","ping_status":"closed","sticky":false,"template":"","format":"standard","meta":{"footnotes":""},"categories":[1],"tags":[],"class_list":["post-11576","post","type-post","status-publish","format-standard","has-post-thumbnail","hentry","category-cronica"],"_links":{"self":[{"href":"https:\/\/www.radiopresidenteibanez.cl\/web\/wp-json\/wp\/v2\/posts\/11576","targetHints":{"allow":["GET"]}}],"collection":[{"href":"https:\/\/www.radiopresidenteibanez.cl\/web\/wp-json\/wp\/v2\/posts"}],"about":[{"href":"https:\/\/www.radiopresidenteibanez.cl\/web\/wp-json\/wp\/v2\/types\/post"}],"author":[{"embeddable":true,"href":"https:\/\/www.radiopresidenteibanez.cl\/web\/wp-json\/wp\/v2\/users\/2"}],"replies":[{"embeddable":true,"href":"https:\/\/www.radiopresidenteibanez.cl\/web\/wp-json\/wp\/v2\/comments?post=11576"}],"version-history":[{"count":0,"href":"https:\/\/www.radiopresidenteibanez.cl\/web\/wp-json\/wp\/v2\/posts\/11576\/revisions"}],"wp:featuredmedia":[{"embeddable":true,"href":"https:\/\/www.radiopresidenteibanez.cl\/web\/wp-json\/wp\/v2\/media\/11582"}],"wp:attachment":[{"href":"https:\/\/www.radiopresidenteibanez.cl\/web\/wp-json\/wp\/v2\/media?parent=11576"}],"wp:term":[{"taxonomy":"category","embeddable":true,"href":"https:\/\/www.radiopresidenteibanez.cl\/web\/wp-json\/wp\/v2\/categories?post=11576"},{"taxonomy":"post_tag","embeddable":true,"href":"https:\/\/www.radiopresidenteibanez.cl\/web\/wp-json\/wp\/v2\/tags?post=11576"}],"curies":[{"name":"wp","href":"https:\/\/api.w.org\/{rel}","templated":true}]}}