{"id":11573,"date":"2020-05-02T18:10:26","date_gmt":"2020-05-02T18:10:26","guid":{"rendered":"https:\/\/www.radiopresidenteibanez.cl\/web\/?p=11573"},"modified":"2020-05-02T18:10:29","modified_gmt":"2020-05-02T18:10:29","slug":"municipio-de-punta-arenas-renovara-subsidios-de-agua-potable-y-alcantarillado-por-tres-anos","status":"publish","type":"post","link":"https:\/\/www.radiopresidenteibanez.cl\/web\/municipio-de-punta-arenas-renovara-subsidios-de-agua-potable-y-alcantarillado-por-tres-anos\/","title":{"rendered":"MUNICIPIO DE PUNTA ARENAS RENOVAR\u00c1 SUBSIDIOS DE AGUA POTABLE Y ALCANTARILLADO POR TRES A\u00d1OS"},"content":{"rendered":"\n<p>En el marco de la emergencia sanitaria que se vive producto\ndel Covid-19, el Municipio de Punta Arenas, a trav\u00e9s de la Direcci\u00f3n de\nDesarrollo Comunitario (Dideco), inform\u00f3 que los subsidios de agua potable y\nalcantarillado ser\u00e1n renovados autom\u00e1ticamente por tres a\u00f1os, sin necesidad de\nque los usuarios realicen ning\u00fan tr\u00e1mite especial.<\/p>\n\n\n\n<p>\u201cEstamos conscientes de que existen muchas familias que\ncuentan con esos subsidios y estaban preocupadas porque no est\u00e1n las\ncondiciones para realizar el tr\u00e1mite de renovaci\u00f3n. Por esta raz\u00f3n, en el marco\nde la agenda social, se decidi\u00f3 renovar estos subsidios de manera autom\u00e1tica y\nsin necesidad de que los vecinos realicen ning\u00fan tr\u00e1mite espec\u00edfico\u201d, se\u00f1al\u00f3 la\ndirectora de Desarrollo Comunitario del Municipio de Punta Arenas, Elena\nBlackwood.<\/p>\n\n\n\n<p>La medida rige, por el momento, para aquellos subsidios que\nvencen en abril, mayo y junio del presente a\u00f1o, y seg\u00fan c\u00f3mo se vaya\ndesarrollando la emergencia, se evaluar\u00e1n si se ampl\u00eda a meses posteriores.<\/p>\n","protected":false},"excerpt":{"rendered":"<p>En el marco de la emergencia sanitaria que se vive producto del Covid-19, el Municipio de Punta Arenas, a trav\u00e9s de la Direcci\u00f3n de Desarrollo Comunitario (Dideco), inform\u00f3 que los&#8230; <a class=\"read-more\" href=\"https:\/\/www.radiopresidenteibanez.cl\/web\/municipio-de-punta-arenas-renovara-subsidios-de-agua-potable-y-alcantarillado-por-tres-anos\/\">Leer m\u00e1s<\/a><\/p>\n","protected":false},"author":2,"featured_media":11574,"comment_status":"closed","ping_status":"closed","sticky":false,"template":"","format":"standard","meta":{"footnotes":""},"categories":[1],"tags":[],"class_list":["post-11573","post","type-post","status-publish","format-standard","has-post-thumbnail","hentry","category-cronica"],"_links":{"self":[{"href":"https:\/\/www.radiopresidenteibanez.cl\/web\/wp-json\/wp\/v2\/posts\/11573","targetHints":{"allow":["GET"]}}],"collection":[{"href":"https:\/\/www.radiopresidenteibanez.cl\/web\/wp-json\/wp\/v2\/posts"}],"about":[{"href":"https:\/\/www.radiopresidenteibanez.cl\/web\/wp-json\/wp\/v2\/types\/post"}],"author":[{"embeddable":true,"href":"https:\/\/www.radiopresidenteibanez.cl\/web\/wp-json\/wp\/v2\/users\/2"}],"replies":[{"embeddable":true,"href":"https:\/\/www.radiopresidenteibanez.cl\/web\/wp-json\/wp\/v2\/comments?post=11573"}],"version-history":[{"count":0,"href":"https:\/\/www.radiopresidenteibanez.cl\/web\/wp-json\/wp\/v2\/posts\/11573\/revisions"}],"wp:featuredmedia":[{"embeddable":true,"href":"https:\/\/www.radiopresidenteibanez.cl\/web\/wp-json\/wp\/v2\/media\/11574"}],"wp:attachment":[{"href":"https:\/\/www.radiopresidenteibanez.cl\/web\/wp-json\/wp\/v2\/media?parent=11573"}],"wp:term":[{"taxonomy":"category","embeddable":true,"href":"https:\/\/www.radiopresidenteibanez.cl\/web\/wp-json\/wp\/v2\/categories?post=11573"},{"taxonomy":"post_tag","embeddable":true,"href":"https:\/\/www.radiopresidenteibanez.cl\/web\/wp-json\/wp\/v2\/tags?post=11573"}],"curies":[{"name":"wp","href":"https:\/\/api.w.org\/{rel}","templated":true}]}}