{"id":11562,"date":"2020-05-02T17:59:58","date_gmt":"2020-05-02T17:59:58","guid":{"rendered":"https:\/\/www.radiopresidenteibanez.cl\/web\/?p=11562"},"modified":"2020-05-02T18:00:02","modified_gmt":"2020-05-02T18:00:02","slug":"provincia-de-ultima-esperanza-tomo-medidas-preventivas-para-feriado-largo-del-1-de-mayo","status":"publish","type":"post","link":"https:\/\/www.radiopresidenteibanez.cl\/web\/provincia-de-ultima-esperanza-tomo-medidas-preventivas-para-feriado-largo-del-1-de-mayo\/","title":{"rendered":"PROVINCIA DE \u00daLTIMA ESPERANZA TOM\u00d3 MEDIDAS PREVENTIVAS PARA FERIADO LARGO DEL 1 DE MAYO"},"content":{"rendered":"\n<p>Con la\nllegada del Coronavirus se han tenido que cambiar diversas rutinas y costumbres\npara poder evitar situaciones que propicien el contagio de esta enfermedad que\nafecta al mundo entero. Por tal raz\u00f3n, las autoridades de la provincia de \u00daltima\nEsperanza decidieron tomar cartas en el asunto y tal como se hizo para Semana\nSanta, en este feriado largo del 1 de Mayo, se desplegaron puntos de control\nmilitar. <\/p>\n\n\n\n<p>A la barrera sanitaria dispuesta\nen la ruta 9 en el sector de Casas Viejas, se sumaron tres puntos de control\nmilitar ubicados en el sector de Dumestre (camino a Seno Obstrucci\u00f3n); en el\nsector del aer\u00f3dromo Teniente Julio Gallardo; y en el sector de Puerto Prat.\nTodo esto con el fin de evitar que las personas realizaran actividades que, al\naglomerar mucha gente, puedan aumentar las posibilidades de contagio por\nCoronavirus.<\/p>\n\n\n\n<p>Al respecto, el\ngobernador Ra\u00fal Suazo fue enf\u00e1tico al se\u00f1alar que \u201cninguna\npersona se puede desplazar a una segunda vivienda, es decir, el mensaje es que\nla gente no debe salir en plan vacaciones a lugares de inter\u00e9s tur\u00edstico, puesto\nque sabemos que existen muchos en la provincia, por lo mismo se van a reforzar\nlos accesos y salidas de Natales\u201d.<\/p>\n\n\n\n<p>Por su parte,\nel delegado del Jefe de la Defensa Nacional en la regi\u00f3n de Magallanes, comandante\nPatricio Zamora, destac\u00f3 el comportamiento de la ciudadan\u00eda al manifestar que\n\u201cdesde hace tiempo que la provincia est\u00e1 teniendo niveles bajos y no ha tenido\nnuevos casos positivos y eso obedece en primera instancia, al acatamiento de\nlas normas y a la conciencia que la poblaci\u00f3n ha tomado y tambi\u00e9n a las\ndiferentes disposiciones que se han ido adoptando por parte de todos los que\nhoy d\u00eda tenemos la responsabilidad de evitar que este virus aumente\u201d.<\/p>\n\n\n\n<p>En\nconcordancia con lo anterior, el comandante apel\u00f3 a la actitud de la gente\nse\u00f1alando que \u201cquisiera hacer un llamado a la poblaci\u00f3n a comprender que la\nfinalidad que tiene esta medida es evitar que aumenten los niveles de\npropagaci\u00f3n del Coronavirus\u201d.<\/p>\n\n\n\n<p>Cabe destacar\nque las personas que residan en zonas aleda\u00f1as a los lugares en donde est\u00e1n\ndispuestos estos controles, no se ver\u00e1n afectadas y s\u00ed podr\u00e1n acceder a sus\nresidencias. <\/p>\n\n\n\n<p>Finalmente,\nestos tres puntos de control militar que se encuentran desplegados desde el\njueves 30 de abril a las 15:00 horas, se mantendr\u00e1n operativos hasta el domingo\n3 de mayo a las 15:00 horas. Por su parte, la barrera sanitaria del sector de\nCasas Viejas, continuar\u00e1 operando como lo ha hecho habitualmente.<\/p>\n","protected":false},"excerpt":{"rendered":"<p>Con la llegada del Coronavirus se han tenido que cambiar diversas rutinas y costumbres para poder evitar situaciones que propicien el contagio de esta enfermedad que afecta al mundo entero&#8230;. <a class=\"read-more\" href=\"https:\/\/www.radiopresidenteibanez.cl\/web\/provincia-de-ultima-esperanza-tomo-medidas-preventivas-para-feriado-largo-del-1-de-mayo\/\">Leer m\u00e1s<\/a><\/p>\n","protected":false},"author":2,"featured_media":11563,"comment_status":"closed","ping_status":"closed","sticky":false,"template":"","format":"standard","meta":{"footnotes":""},"categories":[1],"tags":[],"class_list":["post-11562","post","type-post","status-publish","format-standard","has-post-thumbnail","hentry","category-cronica"],"_links":{"self":[{"href":"https:\/\/www.radiopresidenteibanez.cl\/web\/wp-json\/wp\/v2\/posts\/11562","targetHints":{"allow":["GET"]}}],"collection":[{"href":"https:\/\/www.radiopresidenteibanez.cl\/web\/wp-json\/wp\/v2\/posts"}],"about":[{"href":"https:\/\/www.radiopresidenteibanez.cl\/web\/wp-json\/wp\/v2\/types\/post"}],"author":[{"embeddable":true,"href":"https:\/\/www.radiopresidenteibanez.cl\/web\/wp-json\/wp\/v2\/users\/2"}],"replies":[{"embeddable":true,"href":"https:\/\/www.radiopresidenteibanez.cl\/web\/wp-json\/wp\/v2\/comments?post=11562"}],"version-history":[{"count":0,"href":"https:\/\/www.radiopresidenteibanez.cl\/web\/wp-json\/wp\/v2\/posts\/11562\/revisions"}],"wp:featuredmedia":[{"embeddable":true,"href":"https:\/\/www.radiopresidenteibanez.cl\/web\/wp-json\/wp\/v2\/media\/11563"}],"wp:attachment":[{"href":"https:\/\/www.radiopresidenteibanez.cl\/web\/wp-json\/wp\/v2\/media?parent=11562"}],"wp:term":[{"taxonomy":"category","embeddable":true,"href":"https:\/\/www.radiopresidenteibanez.cl\/web\/wp-json\/wp\/v2\/categories?post=11562"},{"taxonomy":"post_tag","embeddable":true,"href":"https:\/\/www.radiopresidenteibanez.cl\/web\/wp-json\/wp\/v2\/tags?post=11562"}],"curies":[{"name":"wp","href":"https:\/\/api.w.org\/{rel}","templated":true}]}}