{"id":11559,"date":"2020-05-02T17:58:02","date_gmt":"2020-05-02T17:58:02","guid":{"rendered":"https:\/\/www.radiopresidenteibanez.cl\/web\/?p=11559"},"modified":"2020-05-02T17:58:06","modified_gmt":"2020-05-02T17:58:06","slug":"comision-social-del-core-se-reune-con-alcaldes-para-coordinar-medidas-que-permitan-mitigar-consecuencias-sociales-del-covid-19-en-magallanes-y-optimizar-la-distribucion-de-recursos","status":"publish","type":"post","link":"https:\/\/www.radiopresidenteibanez.cl\/web\/comision-social-del-core-se-reune-con-alcaldes-para-coordinar-medidas-que-permitan-mitigar-consecuencias-sociales-del-covid-19-en-magallanes-y-optimizar-la-distribucion-de-recursos\/","title":{"rendered":"COMISI\u00d3N SOCIAL DEL CORE SE RE\u00daNE CON ALCALDES PARA COORDINAR MEDIDAS QUE PERMITAN MITIGAR CONSECUENCIAS SOCIALES DEL COVID-19 EN MAGALLANES Y OPTIMIZAR LA DISTRIBUCI\u00d3N DE RECURSOS"},"content":{"rendered":"\n<p>La comisi\u00f3n Social del Consejo Regional de\nMagallanes y de la Ant\u00e1rtica Chilena se reuni\u00f3 este viernes en la modalidad de\nvideoconferencia con los alcaldes de las comunas cabeceras provinciales a fin\nde analizar las problem\u00e1ticas sociales que atraviesan cada uno los territorios producto\nde la pandemia COVID-19 y conciliar acciones para una eficiente distribuci\u00f3n y\nutilizaci\u00f3n de los recursos recientemente aprobados. <\/p>\n\n\n\n<p>Durante la ma\u00f1ana del viernes a trav\u00e9s de una\ncompleta presentaci\u00f3n del alcalde, Claudio Radonich, los consejeros conocieron el\nplan de trabajo que viene desarrollando el municipio de Punta Arenas desde\nmarzo a la fecha y los desaf\u00edos que visualiza la autoridad comunal para el\nfuturo mediato. Por la tarde correspondieron las exposiciones del alcalde de\nPuerto Natales, Fernando Paredes, la alcaldesa de Porvenir, Marisol Andrade y el\nalcalde de Cabo de Hornos, Patricio Fern\u00e1ndez. <\/p>\n\n\n\n<p>Seg\u00fan coment\u00f3 el presidente de la comisi\u00f3n social,\nJuan Vukusich, \u201cpudimos conocer los planes que tiene cada municipalidad para\navanzar especialmente en lo referido a la imperiosa necesidad de ayuda social. Seguiremos\nen contacto para ver de qu\u00e9 manera podemos colaborar con los municipios que son\nquienes ejecutan esta ayuda\u201d.<\/p>\n\n\n\n<p>Asimismo el consejero Vukusich, se refiri\u00f3 a la urgente\nnecesidad de coordinaci\u00f3n y liderazgo \u201cuna de las cosas fundamentales que est\u00e1\npendiente es una mayor coordinaci\u00f3n de los servicios p\u00fablicos y gobernaciones y\npara ello se necesita sin duda una participaci\u00f3n efectiva del ejecutivo del\nGobierno Regional, espec\u00edficamente del Intendente. Necesitamos un liderazgo m\u00e1s\nfuerte que sea capaz de coordinar lo cual es fundamental para que esta ayuda se\npueda concretar de mejor manera\u201d, afirm\u00f3. <\/p>\n\n\n\n<p>En tanto el presidente del CORE, Alejandro\nKusanovic, calific\u00f3 la jornada como productiva &nbsp;\u201cnos ha permitido entender la problem\u00e1tica y\nlas ideas que los municipios tienen para poder generar una visi\u00f3n m\u00e1s completa\ny posibles soluciones. Por otra parte queda en evidencia la falta de\ncoordinaci\u00f3n de los distintos sectores del Estado y por ende la duplicidad en\nla ayuda entregada por tanto urge tener una comisi\u00f3n de coordinaci\u00f3n en cada provincia.\nTanto el Estado como el sector privado tienen que volverse mucho m\u00e1s eficientes\npara lograr salir de esta grave crisis que estamos viviendo en el mundo y en el\npa\u00eds\u201d, agreg\u00f3 el consejero Kusanovic. <\/p>\n\n\n\n<p>Por su parte la consejera de la provincia, \u00daltima Esperanza,\nYammy Warner, valor\u00f3&nbsp; la oportunidad de\nlevantar antecedentes desde los municipios &nbsp;\u201ceste trabajo muestra que el enfoque que esta\nteniendo el Consejo Regional es el correcto en el sentido que estamos\ndestinados a ver c\u00f3mo podemos apoyar a las comunas y contribuir a dar repuestas\na la poblaci\u00f3n. Fue un espacio de comunicaci\u00f3n muy interactivo\nindependientemente a que no es la forma a la que estamos acostumbrados pero hoy\nenfrentamos una situaci\u00f3n muy particular y lo m\u00e1s importante es no dejar\nde&nbsp; comunicarnos y mantenernos en &nbsp;sinton\u00eda &nbsp;e intentar &nbsp;dar respuesta a las demandas\u201d.<\/p>\n\n\n\n<p>Las autoridades comunales convocadas coincidieron al\nvalorar positivamente la instancia de trabajo y comprometieron esfuerzos para\nmantener fluidez en la comunicaci\u00f3n y los consejeros y consejeras afirmaron que\npr\u00f3ximamente se reunir\u00e1n de la misma forma con los alcaldes de las comunas\nrurales.<\/p>\n","protected":false},"excerpt":{"rendered":"<p>La comisi\u00f3n Social del Consejo Regional de Magallanes y de la Ant\u00e1rtica Chilena se reuni\u00f3 este viernes en la modalidad de videoconferencia con los alcaldes de las comunas cabeceras provinciales&#8230; <a class=\"read-more\" href=\"https:\/\/www.radiopresidenteibanez.cl\/web\/comision-social-del-core-se-reune-con-alcaldes-para-coordinar-medidas-que-permitan-mitigar-consecuencias-sociales-del-covid-19-en-magallanes-y-optimizar-la-distribucion-de-recursos\/\">Leer m\u00e1s<\/a><\/p>\n","protected":false},"author":2,"featured_media":11560,"comment_status":"closed","ping_status":"closed","sticky":false,"template":"","format":"standard","meta":{"footnotes":""},"categories":[1],"tags":[],"class_list":["post-11559","post","type-post","status-publish","format-standard","has-post-thumbnail","hentry","category-cronica"],"_links":{"self":[{"href":"https:\/\/www.radiopresidenteibanez.cl\/web\/wp-json\/wp\/v2\/posts\/11559","targetHints":{"allow":["GET"]}}],"collection":[{"href":"https:\/\/www.radiopresidenteibanez.cl\/web\/wp-json\/wp\/v2\/posts"}],"about":[{"href":"https:\/\/www.radiopresidenteibanez.cl\/web\/wp-json\/wp\/v2\/types\/post"}],"author":[{"embeddable":true,"href":"https:\/\/www.radiopresidenteibanez.cl\/web\/wp-json\/wp\/v2\/users\/2"}],"replies":[{"embeddable":true,"href":"https:\/\/www.radiopresidenteibanez.cl\/web\/wp-json\/wp\/v2\/comments?post=11559"}],"version-history":[{"count":0,"href":"https:\/\/www.radiopresidenteibanez.cl\/web\/wp-json\/wp\/v2\/posts\/11559\/revisions"}],"wp:featuredmedia":[{"embeddable":true,"href":"https:\/\/www.radiopresidenteibanez.cl\/web\/wp-json\/wp\/v2\/media\/11560"}],"wp:attachment":[{"href":"https:\/\/www.radiopresidenteibanez.cl\/web\/wp-json\/wp\/v2\/media?parent=11559"}],"wp:term":[{"taxonomy":"category","embeddable":true,"href":"https:\/\/www.radiopresidenteibanez.cl\/web\/wp-json\/wp\/v2\/categories?post=11559"},{"taxonomy":"post_tag","embeddable":true,"href":"https:\/\/www.radiopresidenteibanez.cl\/web\/wp-json\/wp\/v2\/tags?post=11559"}],"curies":[{"name":"wp","href":"https:\/\/api.w.org\/{rel}","templated":true}]}}