{"id":11553,"date":"2020-05-02T17:50:57","date_gmt":"2020-05-02T17:50:57","guid":{"rendered":"https:\/\/www.radiopresidenteibanez.cl\/web\/?p=11553"},"modified":"2020-05-02T17:51:25","modified_gmt":"2020-05-02T17:51:25","slug":"asociacion-de-hoteles-de-torres-del-paine-llama-a-los-actores-publico-privados-a-plantearse-el-desafio-de-convertir-al-destino-en-un-lugar-covid-free-o-covid-safe","status":"publish","type":"post","link":"https:\/\/www.radiopresidenteibanez.cl\/web\/asociacion-de-hoteles-de-torres-del-paine-llama-a-los-actores-publico-privados-a-plantearse-el-desafio-de-convertir-al-destino-en-un-lugar-covid-free-o-covid-safe\/","title":{"rendered":"ASOCIACI\u00d3N DE HOTELES DE TORRES DEL PAINE LLAMA A LOS ACTORES P\u00daBLICO &#8211; PRIVADOS A PLANTEARSE EL DESAF\u00cdO DE CONVERTIR AL DESTINO EN UN LUGAR \u201cCOVID FREE\u201d O \u201cCOVID SAFE\u201d"},"content":{"rendered":"\n<p>\u201cTorres del Paine Covid Free\u201d. Ese es el desaf\u00edo que, como\nAsociaci\u00f3n de Hoteles y Servicios Tur\u00edsticos&nbsp; Torres del Paines (HYST), queremos\nasumir para lograr posicionar de ese modo a la octava maravilla del mundo,\nconcepto que hoy cobra relevancia en momentos en que el mundo se ha visto\nimpactado por el Covid-19, y el contacto entre personas es limitado, por lo que\nel sector tur\u00edstico es uno de los m\u00e1s afectados a nivel global.<\/p>\n\n\n\n<p>Si bien sabemos que la nueva normalidad en el turismo\nprobablemente va a implicar tener que vivir con el covid-19 por alg\u00fan tiempo m\u00e1s, hasta que se encuentre una vacuna, lo cierto es que hay destinos que van a estar mejor preparados que otros, por lo\nque este concepto apunta justamente a eso: implementar los mejores protocolos y\nest\u00e1ndares a nivel mundial, para garantizar al turista un viaje m\u00e1s seguro en\ncomparaci\u00f3n a otros lugares, pese a que siempre va a existir\nel riesgo de contraer la enfermedad.<\/p>\n\n\n\n<p>Pero para conseguir esto, creemos que ser\u00e1 necesario hacer\nun arduo trabajo de coordinaci\u00f3n entre el sector p\u00fablico y privado, por lo que\nllamamos a todos los actores involucrados a generar estas instancias y\nplantearse este desaf\u00edo, para llegar preparados a la pr\u00f3xima temporada\n2020-2021.<\/p>\n\n\n\n<p>Si bien sitios naturales como Torres del Paine tienen una\nventaja, pues son lugares amplios, con aire puro, alejados de las\naglomeraciones de las ciudades; sabemos que eso no ser\u00e1 suficiente para ver una\nreactivaci\u00f3n del turismo en la regi\u00f3n a fines de este a\u00f1o. Es por ello que nos\nestamos preparando para que Torres del Paine sea reconocido a nivel global como\nuno de los lugares m\u00e1s seguros para los turistas, con los mejores est\u00e1ndares y\nprotocolos.<\/p>\n\n\n\n<p>Existen experiencias internacionales que est\u00e1n explorando\nel concepto \u201cCovid Free\u201d o \u201cCovid Safe\u201d. Por ejemplo, la Asociaci\u00f3n Empresarial\nHotelera de Madrid anunci\u00f3 que est\u00e1 trabajando en hacer un protocolo com\u00fan para\nque todas las empresas que lo cumplan puedan recibir un certificado de \u201cHoteles\nCovid Free\u201d. El gobierno de Portugal tambi\u00e9n lanz\u00f3 hace unos d\u00edas la creaci\u00f3n\ndel reconocimiento \u201cClean &amp; Safe\u201d enfocado a incentivar a la industria a\nseguir protocolos de salud y atraer al turista.<\/p>\n\n\n\n<p>Como Asociaci\u00f3n de Hoteles de Torres del Paine no deseamos\nquedarnos atr\u00e1s, y ya estamos realizando conversaciones preliminares en ese\nsentido, explorando lo que est\u00e1n haciendo otros pa\u00edses, qu\u00e9 significa ser un\ndestino Covid Free, el nivel de coordinaci\u00f3n que habr\u00eda que generar con el sector\np\u00fablico, y recopilando informaci\u00f3n para ver c\u00f3mo se puede abordar el tema a\nnivel regional, pues este tipo de destinos son los que van a cobrar m\u00e1s\nrelevancia cuando llegue la nueva normalidad del turismo.<br><\/p>\n\n\n\n<p>Si bien hemos visto que existe un inter\u00e9s de los\nempresarios y las c\u00e1maras de turismo regionales para tener los mejores\nest\u00e1ndares de seguridad contra el covid-19, tambi\u00e9n sabemos que para conseguir\neste objetivo, ser\u00e1 fundamental que exista un trabajo p\u00fablico privado, con el\nsue\u00f1o de que no solo se pueda promocionar a Torres del Paine como un lugar\nlibre de covid-19, sino tal vez toda la provincia, y por qu\u00e9 no pensar incluso\nen un \u201cMagallanes Covid Free\u201d. Pero hacer realidad este sue\u00f1o va a depender del\nnivel de apoyo de las autoridades y los recursos destinados.<\/p>\n\n\n\n<p>Es por esto que hacemos un llamado al sector privado, y\norganismos p\u00fablicos como Conaf; Seremi de Salud, Econom\u00eda, y Hacienda; la\nDirecci\u00f3n del Trabajo; Sernatur; alcaldes y concejales; a plantearse este\ndesaf\u00edo, y analizar qu\u00e9 protocolos se podr\u00edan implementar, como por ejemplo,\ntest r\u00e1pidos para todas las personas que entren al Parque Nacional, o incluso a\ntoda la regi\u00f3n, tal como ocurre en otros pa\u00edses donde se exigen ciertas vacunas\npara el ingreso.<\/p>\n\n\n\n<p>Tambi\u00e9n hay que considerar que el turismo es uno de los\nimpulsores de la econom\u00eda regional, generando relevantes puestos de trabajo,\npor lo que si queremos reactivar la econom\u00eda local es necesario empezar a tomar\nmedidas pronto.<\/p>\n\n\n\n<p>Todo ello teniendo en cuenta que el turismo aventura apunta\njustamente a un segmento que se caracteriza por tomar riesgos, por lo que ser\u00e1n\nlos primeros turistas en querer salir del encierro de las ciudades, para\naventurarse a la naturaleza. Naturalmente elegir\u00e1n los destinos mejor\npreparados, porque si bien existen riesgos al hacer escalada, trekking, o una\ncabalgata; todos estos son mitigados con los equipos de seguridad adecuados.\nAhora el covid-19 es el nuevo riesgo que el turismo aventura debe mitigar,\ncumpliendo con los m\u00e1s altos est\u00e1ndares y protocolos de seguridad a nivel mundial.<\/p>\n\n\n\n<p>Con este tel\u00f3n de fondo, como Asociaci\u00f3n estamos usando\nestos meses para informarnos y avanzar en la v\u00eda de ser uno de los destinos\nmejor preparados. Y aunque se ha hablado de certificados o sellos a nivel\ninternacional, este es un tema que reci\u00e9n estamos analizado de manera\npreliminar. Pero ya hay algo que est\u00e1 zanjado: ser\u00e1 clave la coordinaci\u00f3n entre\nlos distintos actores.<\/p>\n","protected":false},"excerpt":{"rendered":"<p>\u201cTorres del Paine Covid Free\u201d. Ese es el desaf\u00edo que, como Asociaci\u00f3n de Hoteles y Servicios Tur\u00edsticos&nbsp; Torres del Paines (HYST), queremos asumir para lograr posicionar de ese modo a&#8230; <a class=\"read-more\" href=\"https:\/\/www.radiopresidenteibanez.cl\/web\/asociacion-de-hoteles-de-torres-del-paine-llama-a-los-actores-publico-privados-a-plantearse-el-desafio-de-convertir-al-destino-en-un-lugar-covid-free-o-covid-safe\/\">Leer m\u00e1s<\/a><\/p>\n","protected":false},"author":2,"featured_media":2967,"comment_status":"closed","ping_status":"closed","sticky":false,"template":"","format":"standard","meta":{"footnotes":""},"categories":[1],"tags":[],"class_list":["post-11553","post","type-post","status-publish","format-standard","has-post-thumbnail","hentry","category-cronica"],"_links":{"self":[{"href":"https:\/\/www.radiopresidenteibanez.cl\/web\/wp-json\/wp\/v2\/posts\/11553","targetHints":{"allow":["GET"]}}],"collection":[{"href":"https:\/\/www.radiopresidenteibanez.cl\/web\/wp-json\/wp\/v2\/posts"}],"about":[{"href":"https:\/\/www.radiopresidenteibanez.cl\/web\/wp-json\/wp\/v2\/types\/post"}],"author":[{"embeddable":true,"href":"https:\/\/www.radiopresidenteibanez.cl\/web\/wp-json\/wp\/v2\/users\/2"}],"replies":[{"embeddable":true,"href":"https:\/\/www.radiopresidenteibanez.cl\/web\/wp-json\/wp\/v2\/comments?post=11553"}],"version-history":[{"count":0,"href":"https:\/\/www.radiopresidenteibanez.cl\/web\/wp-json\/wp\/v2\/posts\/11553\/revisions"}],"wp:featuredmedia":[{"embeddable":true,"href":"https:\/\/www.radiopresidenteibanez.cl\/web\/wp-json\/wp\/v2\/media\/2967"}],"wp:attachment":[{"href":"https:\/\/www.radiopresidenteibanez.cl\/web\/wp-json\/wp\/v2\/media?parent=11553"}],"wp:term":[{"taxonomy":"category","embeddable":true,"href":"https:\/\/www.radiopresidenteibanez.cl\/web\/wp-json\/wp\/v2\/categories?post=11553"},{"taxonomy":"post_tag","embeddable":true,"href":"https:\/\/www.radiopresidenteibanez.cl\/web\/wp-json\/wp\/v2\/tags?post=11553"}],"curies":[{"name":"wp","href":"https:\/\/api.w.org\/{rel}","templated":true}]}}