{"id":11542,"date":"2020-04-30T21:04:40","date_gmt":"2020-04-30T21:04:40","guid":{"rendered":"https:\/\/www.radiopresidenteibanez.cl\/web\/?p=11542"},"modified":"2020-04-30T21:04:44","modified_gmt":"2020-04-30T21:04:44","slug":"accidente-con-resultado-de-muerte-de-tripulante-de-la-lancha-a-motor-don-patricio","status":"publish","type":"post","link":"https:\/\/www.radiopresidenteibanez.cl\/web\/accidente-con-resultado-de-muerte-de-tripulante-de-la-lancha-a-motor-don-patricio\/","title":{"rendered":"ACCIDENTE CON RESULTADO DE MUERTE DE TRIPULANTE DE LA LANCHA A MOTOR \u201cDON PATRICIO\u201d"},"content":{"rendered":"\n<p>La Gobernaci\u00f3n\nMar\u00edtima de Puerto Williams inform\u00f3 que el jueves 30 de abril en horas de la\nmadrugada, se dispuso activar un rescate mar\u00edtimo, de un tripulante de la\nLancha a Motor \u201cDon Patricio\u201d. \u00c9ste presentaba s\u00edntomas de la Enfermedad de Descompresi\u00f3n\nInadecuada, requiriendo evacuaci\u00f3n inmediata.<\/p>\n\n\n\n<p>El accidente de\nbuceo se produjo aproximadamente a 80 kil\u00f3metros al suroeste de la Alcald\u00eda de\nMar de Timbales, a 200 kil\u00f3metros de Puerto Williams.<\/p>\n\n\n\n<p>La Gobernaci\u00f3n\nMar\u00edtima de Puerto Williams, dispuso el zarpe de emergencia de la Lancha de\nServicio General \u201cAlacalufe\u201d, con un enfermero especialista en sumersi\u00f3n a\nbordo, y de la Lancha de Servicio de Rescate 4430, para estabilizar al paciente\ny trasladarlo a puerto. La embarcaci\u00f3n naval arrib\u00f3 a Puerto Williams a las 09:50\nhoras con el tripulante accidentado, siendo atendido en el Hospital Naval de\nPuerto Williams por un equipo m\u00e9dico liderado por profesionales del Hospital\nComunitario y el Hospital Naval. Lo anterior, debido a que en el centro naval\nse cuenta con el recurso de una c\u00e1mara hiperb\u00e1rica para tratar este tipo de\nsituaciones cl\u00ednicas.<\/p>\n\n\n\n<p>Lamentablemente,\nlas condiciones del paciente y la gravedad de la patolog\u00eda en curso se\nagravaron y el tripulante falleci\u00f3 a las 10:37 horas.<\/p>\n\n\n\n<p>La Autoridad\nMar\u00edtima junto con lamentar este hecho luctuoso recalc\u00f3 que las unidades y su\npersonal est\u00e1n permanentemente preparados para acudir en auxilio de la vida en\nel mar, cada vez que sea requerido, pero asimismo, hace un llamado al\nautocuidado y a la observancia de todas las medidas de seguridad que las\nactividades de riesgo conllevan, espec\u00edficamente el buceo en esta oportunidad.<\/p>\n","protected":false},"excerpt":{"rendered":"<p>La Gobernaci\u00f3n Mar\u00edtima de Puerto Williams inform\u00f3 que el jueves 30 de abril en horas de la madrugada, se dispuso activar un rescate mar\u00edtimo, de un tripulante de la Lancha&#8230; <a class=\"read-more\" href=\"https:\/\/www.radiopresidenteibanez.cl\/web\/accidente-con-resultado-de-muerte-de-tripulante-de-la-lancha-a-motor-don-patricio\/\">Leer m\u00e1s<\/a><\/p>\n","protected":false},"author":2,"featured_media":11543,"comment_status":"closed","ping_status":"closed","sticky":false,"template":"","format":"standard","meta":{"footnotes":""},"categories":[1],"tags":[],"class_list":["post-11542","post","type-post","status-publish","format-standard","has-post-thumbnail","hentry","category-cronica"],"_links":{"self":[{"href":"https:\/\/www.radiopresidenteibanez.cl\/web\/wp-json\/wp\/v2\/posts\/11542","targetHints":{"allow":["GET"]}}],"collection":[{"href":"https:\/\/www.radiopresidenteibanez.cl\/web\/wp-json\/wp\/v2\/posts"}],"about":[{"href":"https:\/\/www.radiopresidenteibanez.cl\/web\/wp-json\/wp\/v2\/types\/post"}],"author":[{"embeddable":true,"href":"https:\/\/www.radiopresidenteibanez.cl\/web\/wp-json\/wp\/v2\/users\/2"}],"replies":[{"embeddable":true,"href":"https:\/\/www.radiopresidenteibanez.cl\/web\/wp-json\/wp\/v2\/comments?post=11542"}],"version-history":[{"count":0,"href":"https:\/\/www.radiopresidenteibanez.cl\/web\/wp-json\/wp\/v2\/posts\/11542\/revisions"}],"wp:featuredmedia":[{"embeddable":true,"href":"https:\/\/www.radiopresidenteibanez.cl\/web\/wp-json\/wp\/v2\/media\/11543"}],"wp:attachment":[{"href":"https:\/\/www.radiopresidenteibanez.cl\/web\/wp-json\/wp\/v2\/media?parent=11542"}],"wp:term":[{"taxonomy":"category","embeddable":true,"href":"https:\/\/www.radiopresidenteibanez.cl\/web\/wp-json\/wp\/v2\/categories?post=11542"},{"taxonomy":"post_tag","embeddable":true,"href":"https:\/\/www.radiopresidenteibanez.cl\/web\/wp-json\/wp\/v2\/tags?post=11542"}],"curies":[{"name":"wp","href":"https:\/\/api.w.org\/{rel}","templated":true}]}}