{"id":11537,"date":"2020-04-30T20:53:01","date_gmt":"2020-04-30T20:53:01","guid":{"rendered":"https:\/\/www.radiopresidenteibanez.cl\/web\/?p=11537"},"modified":"2020-04-30T20:53:05","modified_gmt":"2020-04-30T20:53:05","slug":"nuevo-apoyo-a-los-habitantes-de-puerto-williams-brindo-la-iva-brigada-aerea","status":"publish","type":"post","link":"https:\/\/www.radiopresidenteibanez.cl\/web\/nuevo-apoyo-a-los-habitantes-de-puerto-williams-brindo-la-iva-brigada-aerea\/","title":{"rendered":"NUEVO APOYO A LOS HABITANTES DE PUERTO WILLIAMS BRIND\u00d3 LA IVa BRIGADA A\u00c9REA"},"content":{"rendered":"\n<p>El\nGrupo de Aviaci\u00f3n N\u00b06 de la IV<sup>a<\/sup> Brigada A\u00e9rea, brind\u00f3 un nuevo apoyo\na los habitantes de Puerto Williams al trasladar medicamentos para pacientes\ncr\u00f3nicos de dicha localidad. <\/p>\n\n\n\n<p>La\naeronave DHC-6 Twin Otter aterriz\u00f3 en el aer\u00f3dromo Guardiamarina Za\u00f1artu a las\n14:48 horas haciendo entrega de la partida de remedios al Hospital Comunitario\nCristina Calder\u00f3n. <\/p>\n\n\n\n<p>En el\nmarco de esta misma operaci\u00f3n a\u00e9rea y en el vuelo de regreso a Punta Arenas se\ntrasportaron nuevas muestras para ser analizadas por Covid-19, las que fueron\npuestas a disposici\u00f3n del Servicio de Salud Magallanes quien inici\u00f3 los\nprotocolos sanitarios correspondientes.<\/p>\n","protected":false},"excerpt":{"rendered":"<p>El Grupo de Aviaci\u00f3n N\u00b06 de la IVa Brigada A\u00e9rea, brind\u00f3 un nuevo apoyo a los habitantes de Puerto Williams al trasladar medicamentos para pacientes cr\u00f3nicos de dicha localidad. La&#8230; <a class=\"read-more\" href=\"https:\/\/www.radiopresidenteibanez.cl\/web\/nuevo-apoyo-a-los-habitantes-de-puerto-williams-brindo-la-iva-brigada-aerea\/\">Leer m\u00e1s<\/a><\/p>\n","protected":false},"author":2,"featured_media":11538,"comment_status":"closed","ping_status":"closed","sticky":false,"template":"","format":"standard","meta":{"footnotes":""},"categories":[1],"tags":[],"class_list":["post-11537","post","type-post","status-publish","format-standard","has-post-thumbnail","hentry","category-cronica"],"_links":{"self":[{"href":"https:\/\/www.radiopresidenteibanez.cl\/web\/wp-json\/wp\/v2\/posts\/11537","targetHints":{"allow":["GET"]}}],"collection":[{"href":"https:\/\/www.radiopresidenteibanez.cl\/web\/wp-json\/wp\/v2\/posts"}],"about":[{"href":"https:\/\/www.radiopresidenteibanez.cl\/web\/wp-json\/wp\/v2\/types\/post"}],"author":[{"embeddable":true,"href":"https:\/\/www.radiopresidenteibanez.cl\/web\/wp-json\/wp\/v2\/users\/2"}],"replies":[{"embeddable":true,"href":"https:\/\/www.radiopresidenteibanez.cl\/web\/wp-json\/wp\/v2\/comments?post=11537"}],"version-history":[{"count":0,"href":"https:\/\/www.radiopresidenteibanez.cl\/web\/wp-json\/wp\/v2\/posts\/11537\/revisions"}],"wp:featuredmedia":[{"embeddable":true,"href":"https:\/\/www.radiopresidenteibanez.cl\/web\/wp-json\/wp\/v2\/media\/11538"}],"wp:attachment":[{"href":"https:\/\/www.radiopresidenteibanez.cl\/web\/wp-json\/wp\/v2\/media?parent=11537"}],"wp:term":[{"taxonomy":"category","embeddable":true,"href":"https:\/\/www.radiopresidenteibanez.cl\/web\/wp-json\/wp\/v2\/categories?post=11537"},{"taxonomy":"post_tag","embeddable":true,"href":"https:\/\/www.radiopresidenteibanez.cl\/web\/wp-json\/wp\/v2\/tags?post=11537"}],"curies":[{"name":"wp","href":"https:\/\/api.w.org\/{rel}","templated":true}]}}