{"id":11532,"date":"2020-04-30T20:35:00","date_gmt":"2020-04-30T20:35:00","guid":{"rendered":"https:\/\/www.radiopresidenteibanez.cl\/web\/?p=11532"},"modified":"2020-04-30T20:35:06","modified_gmt":"2020-04-30T20:35:06","slug":"seremi-del-trabajo-y-cifras-de-empleo-esperamos-que-las-medidas-de-proteccion-levantadas-nos-ayuden-a-frenar-el-desempleo","status":"publish","type":"post","link":"https:\/\/www.radiopresidenteibanez.cl\/web\/seremi-del-trabajo-y-cifras-de-empleo-esperamos-que-las-medidas-de-proteccion-levantadas-nos-ayuden-a-frenar-el-desempleo\/","title":{"rendered":"SEREMI DEL TRABAJO Y CIFRAS DE EMPLEO: \u201cESPERAMOS QUE LAS MEDIDAS DE PROTECCI\u00d3N LEVANTADAS NOS AYUDEN A FRENAR EL DESEMPLEO\u201d"},"content":{"rendered":"\n<p>Como es habitual,\nluego de la emisi\u00f3n del Bolet\u00edn de Empleo del Instituto Nacional de\nEstad\u00edsticas (INE), dado a conocer el d\u00eda de hoy, la Seremi del Trabajo,\nVictoria Cort\u00e9s Schiattino, explic\u00f3 los datos emanados del informe que recogi\u00f3\nla situaci\u00f3n laboral de la regi\u00f3n entre los meses de enero, febrero y marzo\nreci\u00e9n pasados.<\/p>\n\n\n\n<p>El documento dio\ncuenta de una tasa de desocupaci\u00f3n regional de un 4,7%, sufriendo un alza de\n1,6 puntos porcentuales respecto de igual trimestre m\u00f3vil del a\u00f1o 2019,\nincidido principalmente por los sectores de Ense\u00f1anza, Turismo y Transporte.<\/p>\n\n\n\n<p>En palabras de la\nsecretaria regional, \u201cefectivamente, el d\u00eda de hoy el informe publicado por el\nINE nos muestra un alza en la tasa de desempleo, llegando a un 4,7% a nivel\nregional, lo que se ve explicado, por un lado, por el aumento de la fuerza\nlaboral y, por otro, por una disminuci\u00f3n de los ocupados, de acuerdo al informe\u201d.<\/p>\n\n\n\n<p>\u201cSi bien gran parte de\nestos datos corresponden a los dos primeros meses del a\u00f1o y s\u00f3lo alcanzan a\ntomar una fracci\u00f3n de lo que fue el inicio de la crisis sanitaria en nuestra\nregi\u00f3n, que se empez\u00f3 a sentir con m\u00e1s fuerza a partir de la segunda semana del\nmes de marzo, este incremento forma parte de los efectos econ\u00f3micos generados\npor esta pandemia a nivel local\u201d, explic\u00f3 la autoridad.<\/p>\n\n\n\n<p>Seg\u00fan el informe, la\nfuerza de trabajo aument\u00f3 en un 1,1%, registrando actualmente un total de\n96.500 personas activas, mientras que los ocupados llegan a casi los 92 mil\ntrabajadores, con una disminuci\u00f3n de un 0,7% respecto del a\u00f1o anterior. En\ntanto, los desocupados representaron un total de 4.500 personas.<\/p>\n\n\n\n<p>\u201cEste \u00faltimo dato ya\nhab\u00eda sido adelantado por el informe emitido hace unos d\u00edas por la Direcci\u00f3n\ndel Trabajo, a trav\u00e9s del n\u00famero de cartas de despidos registradas durante los\nprimeros tres meses del a\u00f1o, siendo esta la regi\u00f3n con el mayor aumento, lo que\nda cuenta de que Magallanes ha sido golpeada de manera importante por los\n\u00faltimos acontecimientos sociales y, ahora, por esta crisis sanitaria\u201d, agreg\u00f3\nla Seremi.<\/p>\n\n\n\n<p>\u201cPor ello, como\ngobierno del Presidente Sebasti\u00e1n Pi\u00f1era, hemos buscado sacar adelante de la\nmanera m\u00e1s urgente posible las iniciativas para resguardar los puestos de\ntrabajo y los ingresos. Esperamos que las medidas de protecci\u00f3n levantadas nos\nayuden a frenar el desempleo. Sabemos que son muy pocas las empresas a nivel\nlocal que no han sido golpeadas por esta crisis, el remez\u00f3n ha sido\ntransversal. Por eso defendemos enormemente la ley de protecci\u00f3n del empleo,\nporque sabemos que en la regi\u00f3n de Magallanes son m\u00e1s de 930 empresas las que\nse han acogido a la ley, con m\u00e1s de 5 mil trabajadores que hoy conservan sus\ntrabajos y que sin esta norma, no mantendr\u00edan sus puestos laborales\u201d.<\/p>\n\n\n\n<p>Por \u00faltimo, el informe\nINE destac\u00f3 la disminuci\u00f3n de los trabajadores informales, quienes alcanzan\nactualmente los 15 mil trabajadores, con una disminuci\u00f3n de casi un 12%\nrespecto a igual per\u00edodo del a\u00f1o anterior.<\/p>\n","protected":false},"excerpt":{"rendered":"<p>Como es habitual, luego de la emisi\u00f3n del Bolet\u00edn de Empleo del Instituto Nacional de Estad\u00edsticas (INE), dado a conocer el d\u00eda de hoy, la Seremi del Trabajo, Victoria Cort\u00e9s&#8230; <a class=\"read-more\" href=\"https:\/\/www.radiopresidenteibanez.cl\/web\/seremi-del-trabajo-y-cifras-de-empleo-esperamos-que-las-medidas-de-proteccion-levantadas-nos-ayuden-a-frenar-el-desempleo\/\">Leer m\u00e1s<\/a><\/p>\n","protected":false},"author":2,"featured_media":11286,"comment_status":"closed","ping_status":"closed","sticky":false,"template":"","format":"standard","meta":{"footnotes":""},"categories":[1],"tags":[],"class_list":["post-11532","post","type-post","status-publish","format-standard","has-post-thumbnail","hentry","category-cronica"],"_links":{"self":[{"href":"https:\/\/www.radiopresidenteibanez.cl\/web\/wp-json\/wp\/v2\/posts\/11532","targetHints":{"allow":["GET"]}}],"collection":[{"href":"https:\/\/www.radiopresidenteibanez.cl\/web\/wp-json\/wp\/v2\/posts"}],"about":[{"href":"https:\/\/www.radiopresidenteibanez.cl\/web\/wp-json\/wp\/v2\/types\/post"}],"author":[{"embeddable":true,"href":"https:\/\/www.radiopresidenteibanez.cl\/web\/wp-json\/wp\/v2\/users\/2"}],"replies":[{"embeddable":true,"href":"https:\/\/www.radiopresidenteibanez.cl\/web\/wp-json\/wp\/v2\/comments?post=11532"}],"version-history":[{"count":0,"href":"https:\/\/www.radiopresidenteibanez.cl\/web\/wp-json\/wp\/v2\/posts\/11532\/revisions"}],"wp:featuredmedia":[{"embeddable":true,"href":"https:\/\/www.radiopresidenteibanez.cl\/web\/wp-json\/wp\/v2\/media\/11286"}],"wp:attachment":[{"href":"https:\/\/www.radiopresidenteibanez.cl\/web\/wp-json\/wp\/v2\/media?parent=11532"}],"wp:term":[{"taxonomy":"category","embeddable":true,"href":"https:\/\/www.radiopresidenteibanez.cl\/web\/wp-json\/wp\/v2\/categories?post=11532"},{"taxonomy":"post_tag","embeddable":true,"href":"https:\/\/www.radiopresidenteibanez.cl\/web\/wp-json\/wp\/v2\/tags?post=11532"}],"curies":[{"name":"wp","href":"https:\/\/api.w.org\/{rel}","templated":true}]}}