{"id":11530,"date":"2020-04-30T20:32:35","date_gmt":"2020-04-30T20:32:35","guid":{"rendered":"https:\/\/www.radiopresidenteibanez.cl\/web\/?p=11530"},"modified":"2020-04-30T20:32:39","modified_gmt":"2020-04-30T20:32:39","slug":"diputada-magallanica-sandra-amar-y-aprobacion-de-ingreso-familiar-de-emergencia-era-urgente-sacar-adelante-esta-iniciativa-que-va-en-ayuda-de-millones-de-chilenos","status":"publish","type":"post","link":"https:\/\/www.radiopresidenteibanez.cl\/web\/diputada-magallanica-sandra-amar-y-aprobacion-de-ingreso-familiar-de-emergencia-era-urgente-sacar-adelante-esta-iniciativa-que-va-en-ayuda-de-millones-de-chilenos\/","title":{"rendered":"DIPUTADA MAGALL\u00c1NICA SANDRA AMAR Y APROBACI\u00d3N DE INGRESO FAMILIAR DE EMERGENCIA: \u201cERA URGENTE SACAR ADELANTE ESTA INICIATIVA QUE VA EN AYUDA DE MILLONES DE CHILENOS\u201d"},"content":{"rendered":"\n<p>Con sentido de urgencia en raz\u00f3n de la crisis\nsanitaria por la que atraviesa el pa\u00eds y en especial la regi\u00f3n de Magallanes,\nes que la diputada de la UDI Sandra Amar destac\u00f3 la aprobaci\u00f3n del proyecto de\nley del Ejecutivo destinada a proteger a la poblaci\u00f3n con ingresos informales y\nque se ha visto fuertemente afectada por el Coronavirus.<\/p>\n\n\n\n<p>Seg\u00fan lo explic\u00f3 la legisladora, \u201cesta iniciativa\nconsidera a un sector de los chilenos que hasta el momento no hab\u00eda sido\ncorrectamente integrado en los paquetes de medidas que se han desarrollado a\ncausa de la crisis que nos afecta: Hablo de los trabajadores informales que tan\nmal lo est\u00e1n pasando a causa de la emergencia\u201d.<\/p>\n\n\n\n<p>El Ingreso Familiar de Emergencia beneficiar\u00e1 al 60%\nm\u00e1s vulnerable del pa\u00eds y cuya fuente de ingresos sea mayoritariamente\ninformal, abarcando as\u00ed a un universo de aproximadamente 1,8 millones de hogares\nque recibir\u00e1n el beneficio.<\/p>\n\n\n\n<p>Amar recalc\u00f3 adem\u00e1s que \u201cun punto muy relevante\nsobre este aporte que se entregar\u00e1 durante tres meses y mientras mayor sea el\ngrado de vulnerabilidad y el tama\u00f1o de cada familia mayor ser\u00e1 el beneficio.\nEstamos sin duda, ante una importante ayuda para millones de chilenos\u201d.<\/p>\n\n\n\n<p>En concreto, la iniciativa del Ejecutivo establece\nun aporte flexible que beneficiar\u00e1 entre 4,3 millones a 4,5 millones de\npersonas e involucrar\u00e1 recursos fiscales por unos 900 millones de d\u00f3lares.<\/p>\n\n\n\n<p>\u201cEl Ingreso Familiar de Emergencia viene a\ncomplementarse con el resto de las medidas contempladas en el Plan Econ\u00f3mico de\nEmergencia destinadas a proteger el empleo y los ingresos de las familias del\npa\u00eds. Y tal como se anunci\u00f3 hoy el gobierno presentar\u00e1 en los pr\u00f3ximos d\u00edas un\nnuevo proyecto para ayudar a los trabajadores independientes que emiten boletas\nde honorarios. En otras palabras, se est\u00e1n haciendo todos los esfuerzos\nposibles para que la ayuda llegue a todos quienes la necesitan y que se han\nvisto afectados por las consecuencias econ\u00f3micas de esta crisis\u201d, concluy\u00f3.<\/p>\n","protected":false},"excerpt":{"rendered":"<p>Con sentido de urgencia en raz\u00f3n de la crisis sanitaria por la que atraviesa el pa\u00eds y en especial la regi\u00f3n de Magallanes, es que la diputada de la UDI&#8230; <a class=\"read-more\" href=\"https:\/\/www.radiopresidenteibanez.cl\/web\/diputada-magallanica-sandra-amar-y-aprobacion-de-ingreso-familiar-de-emergencia-era-urgente-sacar-adelante-esta-iniciativa-que-va-en-ayuda-de-millones-de-chilenos\/\">Leer m\u00e1s<\/a><\/p>\n","protected":false},"author":2,"featured_media":9509,"comment_status":"closed","ping_status":"closed","sticky":false,"template":"","format":"standard","meta":{"footnotes":""},"categories":[1],"tags":[],"class_list":["post-11530","post","type-post","status-publish","format-standard","has-post-thumbnail","hentry","category-cronica"],"_links":{"self":[{"href":"https:\/\/www.radiopresidenteibanez.cl\/web\/wp-json\/wp\/v2\/posts\/11530","targetHints":{"allow":["GET"]}}],"collection":[{"href":"https:\/\/www.radiopresidenteibanez.cl\/web\/wp-json\/wp\/v2\/posts"}],"about":[{"href":"https:\/\/www.radiopresidenteibanez.cl\/web\/wp-json\/wp\/v2\/types\/post"}],"author":[{"embeddable":true,"href":"https:\/\/www.radiopresidenteibanez.cl\/web\/wp-json\/wp\/v2\/users\/2"}],"replies":[{"embeddable":true,"href":"https:\/\/www.radiopresidenteibanez.cl\/web\/wp-json\/wp\/v2\/comments?post=11530"}],"version-history":[{"count":0,"href":"https:\/\/www.radiopresidenteibanez.cl\/web\/wp-json\/wp\/v2\/posts\/11530\/revisions"}],"wp:featuredmedia":[{"embeddable":true,"href":"https:\/\/www.radiopresidenteibanez.cl\/web\/wp-json\/wp\/v2\/media\/9509"}],"wp:attachment":[{"href":"https:\/\/www.radiopresidenteibanez.cl\/web\/wp-json\/wp\/v2\/media?parent=11530"}],"wp:term":[{"taxonomy":"category","embeddable":true,"href":"https:\/\/www.radiopresidenteibanez.cl\/web\/wp-json\/wp\/v2\/categories?post=11530"},{"taxonomy":"post_tag","embeddable":true,"href":"https:\/\/www.radiopresidenteibanez.cl\/web\/wp-json\/wp\/v2\/tags?post=11530"}],"curies":[{"name":"wp","href":"https:\/\/api.w.org\/{rel}","templated":true}]}}