{"id":11527,"date":"2020-04-30T20:31:08","date_gmt":"2020-04-30T20:31:08","guid":{"rendered":"https:\/\/www.radiopresidenteibanez.cl\/web\/?p=11527"},"modified":"2020-04-30T20:31:12","modified_gmt":"2020-04-30T20:31:12","slug":"fosis-abrio-proceso-de-postulaciones-para-programas-de-emprendimiento-y-empleabilidad","status":"publish","type":"post","link":"https:\/\/www.radiopresidenteibanez.cl\/web\/fosis-abrio-proceso-de-postulaciones-para-programas-de-emprendimiento-y-empleabilidad\/","title":{"rendered":"FOSIS ABRI\u00d3 PROCESO DE POSTULACIONES PARA PROGRAMAS DE EMPRENDIMIENTO Y EMPLEABILIDAD"},"content":{"rendered":"\n<p>Capacitaci\u00f3n, asesor\u00eda\ncomercial y un capital semilla son los componentes que ofrecen estos programas\npara aquellos interesados en concretar una idea de negocio, fortalecer uno en\nfuncionamiento o encontrar empleo dependiente.<\/p>\n\n\n\n<p>A nivel nacional, el pasado\nlunes comenz\u00f3 este proceso que este a\u00f1o tiene la exclusiva modalidad de\npostulaci\u00f3n remota, para evitar focos de contagio ante la atenci\u00f3n presencial.<\/p>\n\n\n\n<p>El director regional del\nFOSIS, Hern\u00e1n Soto, explic\u00f3 que \u201cse ha mejorado mucho la plataforma online para\nque los postulantes interesados tengan una manera f\u00e1cil y amigable de\nacceder,&nbsp; que incorpora un asistente\nvirtual para guiar o responder sus dudas, e incluso entrega la posibilidad de\ndireccionarlo con un profesional de nuestra regi\u00f3n para ayudarlos en el\nproceso. Queremos garantizar el acceso de todos aquellos que lo requieren, por\nlo que igual tenemos un canal de asistencia telef\u00f3nica, principalmente orientado\na comunas m\u00e1s alejadas y con dificultad de acceso a internet\u201d.<\/p>\n\n\n\n<p>\u201cLa potente agenda social del\nMinisterio de Desarrollo Social y Familia est\u00e1 dirigida a aquellas familias m\u00e1s\nvulnerables de nuestro pa\u00eds, por esto a trav\u00e9s del FOSIS, uno de nuestros\nservicios relacionados, hemos puesto a disposici\u00f3n de esta poblaci\u00f3n las\npostulaciones a los programas de emprendimiento y empleabilidad. Y como\nuna&nbsp; forma de diferenciarnos del resto\ndel pa\u00eds, hemos aumentado el requisito del tope del Registro Social de Hogares\nen un 50% para la comuna de Punta Arenas, y hasta un 60% para Natales, Porvenir\ny Cabo de Hornos\u201d, manifest\u00f3 la Seremi de Desarrollo Social y Familia, Liz\nCasanueva. <\/p>\n\n\n\n<p>La Seremi de Gobierno,\nAlejandra Mu\u00f1oz, se\u00f1al\u00f3 que \u201ca ra\u00edz de la emergencia que estamos viviendo y de\nla vulnerabilidad en la que se encuentran las familias chilenas se ha reforzado\nla p\u00e1gina web <a href=\"http:\/\/www.fosis.gob.cl\">www.fosis.gob.cl<\/a> para hacer estas\npostulaciones v\u00eda remota. Sabemos van a haber muchas familias en Magallanes\nbeneficiadas con estos programas, alrededor de 450 personas que van a poder\noptar a estas iniciativas de emprendimiento y empleabilidad\u201d. <\/p>\n\n\n\n<p>Los\nrequisitos b\u00e1sicos para postular es ser mayor de 18 a\u00f1os, y poseer un Registro\nSocial de Hogares dentro del 50% m\u00e1s vulnerable de la poblaci\u00f3n para Punta\nArenas, y hasta el 60% para el resto de las comunas. Proceso estar\u00e1 abierto\nhasta el 27 de mayo.<\/p>\n","protected":false},"excerpt":{"rendered":"<p>Capacitaci\u00f3n, asesor\u00eda comercial y un capital semilla son los componentes que ofrecen estos programas para aquellos interesados en concretar una idea de negocio, fortalecer uno en funcionamiento o encontrar empleo&#8230; <a class=\"read-more\" href=\"https:\/\/www.radiopresidenteibanez.cl\/web\/fosis-abrio-proceso-de-postulaciones-para-programas-de-emprendimiento-y-empleabilidad\/\">Leer m\u00e1s<\/a><\/p>\n","protected":false},"author":2,"featured_media":11528,"comment_status":"closed","ping_status":"closed","sticky":false,"template":"","format":"standard","meta":{"footnotes":""},"categories":[1],"tags":[],"class_list":["post-11527","post","type-post","status-publish","format-standard","has-post-thumbnail","hentry","category-cronica"],"_links":{"self":[{"href":"https:\/\/www.radiopresidenteibanez.cl\/web\/wp-json\/wp\/v2\/posts\/11527","targetHints":{"allow":["GET"]}}],"collection":[{"href":"https:\/\/www.radiopresidenteibanez.cl\/web\/wp-json\/wp\/v2\/posts"}],"about":[{"href":"https:\/\/www.radiopresidenteibanez.cl\/web\/wp-json\/wp\/v2\/types\/post"}],"author":[{"embeddable":true,"href":"https:\/\/www.radiopresidenteibanez.cl\/web\/wp-json\/wp\/v2\/users\/2"}],"replies":[{"embeddable":true,"href":"https:\/\/www.radiopresidenteibanez.cl\/web\/wp-json\/wp\/v2\/comments?post=11527"}],"version-history":[{"count":0,"href":"https:\/\/www.radiopresidenteibanez.cl\/web\/wp-json\/wp\/v2\/posts\/11527\/revisions"}],"wp:featuredmedia":[{"embeddable":true,"href":"https:\/\/www.radiopresidenteibanez.cl\/web\/wp-json\/wp\/v2\/media\/11528"}],"wp:attachment":[{"href":"https:\/\/www.radiopresidenteibanez.cl\/web\/wp-json\/wp\/v2\/media?parent=11527"}],"wp:term":[{"taxonomy":"category","embeddable":true,"href":"https:\/\/www.radiopresidenteibanez.cl\/web\/wp-json\/wp\/v2\/categories?post=11527"},{"taxonomy":"post_tag","embeddable":true,"href":"https:\/\/www.radiopresidenteibanez.cl\/web\/wp-json\/wp\/v2\/tags?post=11527"}],"curies":[{"name":"wp","href":"https:\/\/api.w.org\/{rel}","templated":true}]}}