{"id":11524,"date":"2020-04-30T20:27:49","date_gmt":"2020-04-30T20:27:49","guid":{"rendered":"https:\/\/www.radiopresidenteibanez.cl\/web\/?p=11524"},"modified":"2020-04-30T20:27:53","modified_gmt":"2020-04-30T20:27:53","slug":"talleres-culturales-del-municipio-se-estan-realizando-por-internet","status":"publish","type":"post","link":"https:\/\/www.radiopresidenteibanez.cl\/web\/talleres-culturales-del-municipio-se-estan-realizando-por-internet\/","title":{"rendered":"TALLERES CULTURALES DEL MUNICIPIO SE EST\u00c1N REALIZANDO POR INTERNET"},"content":{"rendered":"\n<p>Desde la segunda semana de abril\nse est\u00e1n desarrollando los talleres culturales del Municipio de Punta Arenas,\nque debido a la contingencia sanitaria han debido realizarse a trav\u00e9s de\nInternet.<\/p>\n\n\n\n<p>Los docentes de las diferentes\ndisciplinas se contactaron con los estudiantes que estaban inscritos para\nindicarles la nueva modalidad de los cursos, que en general fue bien aceptada\npor los alumnos.<\/p>\n\n\n\n<p>\u201cSabemos que en estos momentos no\nes posible realizar las clases de manera presencial, pero pensamos que los\ntalleres culturales son una buena manera de ayudar a que j\u00f3venes y adultos\npuedan relajarse, aprender cosas distintas y aprovechar este periodo en algo\nque les guste y los distraiga. Por eso buscamos la forma de realizarlos de manera\nonline y hasta el momento ha resultado muy bien\u201d, afirm\u00f3 la directora de\nDesarrollo Comunitario, Elena Blackwood.<\/p>\n\n\n\n<p>Los cursos se est\u00e1n efectuando\npor distintas plataformas, algunos por Whatsapp, otros mediante video llamadas,\nvideos tutoriales y otros a trav\u00e9s de la plataforma zoom.<\/p>\n\n\n\n<p>\u201cEn general, el trabajo que hemos\ntenido con el centro cultural a trav\u00e9s de las clases online ha sido bastante\nbueno, ha llegado mucha gente. Los que estaban inscritos no han fallado a sus\nclases, lo que s\u00ed de repente por problemas de la aplicaci\u00f3n zoom, pero en lo\nque respecta a ganas, ha estado s\u00faper regular\u201d, afirm\u00f3 Rodrigo Santana, quien\ndirige los talleres de Canto Popular, Teor\u00eda Musical, Piano Funcional, Guitarra\nPopular y Ensamble Vocal.<\/p>\n\n\n\n<p>Por su parte, el fot\u00f3grafo,\nNicol\u00e1s Ulloa, uno de los profesionales a cargo del taller de Periodismo y\nFotograf\u00eda, indic\u00f3 que: \u201cEn nuestro caso, buscamos tener una retroalimentaci\u00f3n\ny comunicaci\u00f3n constante con los alumnos. Por eso ya llevamos tres clases a\ntrav\u00e9s de la plataforma Zoom. El objetivo del taller es que los j\u00f3venes se\ninterioricen en el mundo de las comunicaciones y que puedan mejorar su\ndesplante frente al p\u00fablico, adem\u00e1s de adentrarse en las t\u00e9cnicas del\nperiodismo y la fotograf\u00eda\u201d. <\/p>\n\n\n\n<p>Cupos<\/p>\n\n\n\n<p>Los talleres a\u00fan cuentan con\ncupos disponibles y los interesados pueden realizar sus consultas a trav\u00e9s de\nlos siguientes correos electr\u00f3nicos:<\/p>\n\n\n\n<p>Talleres de Canto Popular\/ Teor\u00eda\nMusical\/ Piano Funcional\/ Guitara Popular\/ Ensamble Vocal (De 14 a\u00f1os en adelante):\ncculturalmusica@e-puntaarenas.cl<\/p>\n\n\n\n<p>Mosaicos y Muralismo (De 14 a\u00f1os\nen adelante): cculturalmosaico@e-puntaarenas.cl<\/p>\n\n\n\n<p>Artes Visuales (De 14 a\u00f1os en\nadelante): cculturalartesvisuales@e-puntaarenas.cl<\/p>\n\n\n\n<p>Taller de Danza \u00c1rabe\/ Taller de\nMaquillaje (De 14 a\u00f1os en adelante): cculturalteatroydanza@e-puntaarenas.cl<\/p>\n\n\n\n<p>Taller de Teatro B\u00e1sico y Taller\nde Radioteatro (De 14 a\u00f1os en adelante): pinacarras@gmail.com<\/p>\n\n\n\n<p>Teatro Musical (De 14 a\u00f1os en\nadelante): cesaralmonacid1986@gmail.com<\/p>\n\n\n\n<p>Taller de C\u00f3mic (De 10 a\u00f1os en\nadelante): cculturalilustracion@e-puntaarenas.cl<\/p>\n\n\n\n<p>Taller de Canto L\u00edrico (De 14\na\u00f1os en adelante): bi.vargas.s@gmail.com<\/p>\n\n\n\n<p>Taller de Periodismo y Fotograf\u00eda\n(Ni\u00f1os y j\u00f3venes de entre 12 y 17 a\u00f1os): nicoug@gmail.com<\/p>\n\n\n\n<p>Elenco Ciudadano (De 14 a\u00f1os en\nadelante): cculturalelencociudadano@e-puntaarenas.cl<\/p>\n","protected":false},"excerpt":{"rendered":"<p>Desde la segunda semana de abril se est\u00e1n desarrollando los talleres culturales del Municipio de Punta Arenas, que debido a la contingencia sanitaria han debido realizarse a trav\u00e9s de Internet&#8230;. <a class=\"read-more\" href=\"https:\/\/www.radiopresidenteibanez.cl\/web\/talleres-culturales-del-municipio-se-estan-realizando-por-internet\/\">Leer m\u00e1s<\/a><\/p>\n","protected":false},"author":2,"featured_media":11525,"comment_status":"closed","ping_status":"closed","sticky":false,"template":"","format":"standard","meta":{"footnotes":""},"categories":[1],"tags":[],"class_list":["post-11524","post","type-post","status-publish","format-standard","has-post-thumbnail","hentry","category-cronica"],"_links":{"self":[{"href":"https:\/\/www.radiopresidenteibanez.cl\/web\/wp-json\/wp\/v2\/posts\/11524","targetHints":{"allow":["GET"]}}],"collection":[{"href":"https:\/\/www.radiopresidenteibanez.cl\/web\/wp-json\/wp\/v2\/posts"}],"about":[{"href":"https:\/\/www.radiopresidenteibanez.cl\/web\/wp-json\/wp\/v2\/types\/post"}],"author":[{"embeddable":true,"href":"https:\/\/www.radiopresidenteibanez.cl\/web\/wp-json\/wp\/v2\/users\/2"}],"replies":[{"embeddable":true,"href":"https:\/\/www.radiopresidenteibanez.cl\/web\/wp-json\/wp\/v2\/comments?post=11524"}],"version-history":[{"count":0,"href":"https:\/\/www.radiopresidenteibanez.cl\/web\/wp-json\/wp\/v2\/posts\/11524\/revisions"}],"wp:featuredmedia":[{"embeddable":true,"href":"https:\/\/www.radiopresidenteibanez.cl\/web\/wp-json\/wp\/v2\/media\/11525"}],"wp:attachment":[{"href":"https:\/\/www.radiopresidenteibanez.cl\/web\/wp-json\/wp\/v2\/media?parent=11524"}],"wp:term":[{"taxonomy":"category","embeddable":true,"href":"https:\/\/www.radiopresidenteibanez.cl\/web\/wp-json\/wp\/v2\/categories?post=11524"},{"taxonomy":"post_tag","embeddable":true,"href":"https:\/\/www.radiopresidenteibanez.cl\/web\/wp-json\/wp\/v2\/tags?post=11524"}],"curies":[{"name":"wp","href":"https:\/\/api.w.org\/{rel}","templated":true}]}}