{"id":11516,"date":"2020-04-30T13:49:11","date_gmt":"2020-04-30T13:49:11","guid":{"rendered":"https:\/\/www.radiopresidenteibanez.cl\/web\/?p=11516"},"modified":"2020-04-30T13:49:25","modified_gmt":"2020-04-30T13:49:25","slug":"ministerio-de-economia-lanza-portal-web-de-apoyo-y-orientacion-para-pymes-afectadas-por-la-crisis-sanitaria","status":"publish","type":"post","link":"https:\/\/www.radiopresidenteibanez.cl\/web\/ministerio-de-economia-lanza-portal-web-de-apoyo-y-orientacion-para-pymes-afectadas-por-la-crisis-sanitaria\/","title":{"rendered":"MINISTERIO DE ECONOM\u00cdA LANZA PORTAL WEB DE APOYO Y ORIENTACI\u00d3N PARA PYMES AFECTADAS POR LA CRISIS SANITARIA"},"content":{"rendered":"\n<p>Se trata de la reactivaci\u00f3n del\nsitio www.elijopyme.cl, donde se concentra toda la informaci\u00f3n sobre los\nanuncios econ\u00f3micos y la oferta de financiamiento, capacitaciones,\nacompa\u00f1amiento que implementa esta cartera para apoyar las micro, peque\u00f1as y\nmedianas empresas del pa\u00eds. La SEREMI de Econom\u00eda, Fomento y Turismo, Natalia\nEaston, present\u00f3 el portal web www.elijopyme.cl en la regi\u00f3n de Magallanes, el\ncual busca orientar e informar a las micro, peque\u00f1as y medianas empresas sobre\nla oferta de financiamiento, asesor\u00edas, capacitaciones u otras herramientas que\nesta cartera est\u00e1 implementando, para reactivar la actividad de las pymes y\nhacer frente a la crisis por COVID-19. <\/p>\n\n\n\n<p>El sitio concentra las\niniciativas que servicios dependientes del Ministerio de Econom\u00eda, como Corfo,\nSercotec, la Divisi\u00f3n de Empresas de Menor Tama\u00f1o (DEMT) y Sernatur, entregan\nhabitualmente pero que debido a la emergencia sanitaria se han reorientado. <\/p>\n\n\n\n<p>El objetivo es fomentar las\nventas y el marketing online de las pymes, apoyar a la industria del turismo\ncon medidas focalizadas en este sector, promover la digitalizaci\u00f3n de las\nempresas para que actualicen su gesti\u00f3n y forma de trabajo, u orientarlas en\nmaterias legales. <\/p>\n\n\n\n<p>La titular de econom\u00eda, Natalia\nEaston agreg\u00f3 \u201cEsta herramienta se suma al trabajo que hemos estado\ndesarrollando por medio de los Centros de Negocio Sercotec en toda la regi\u00f3n,\npara apoyar a las pymes locales entregando asesor\u00eda y capacitaci\u00f3n de forma\nremota. www.elijopyme.cl busca orientar con informaci\u00f3n concisa y de f\u00e1cil\nacceso a todos los empresarios que se han visto afectados ante la crisis\nsanitaria. Queremos entregar apoyo integral, con medidas focalizadas, pero\ntambi\u00e9n de forma progresiva, gradual, para as\u00ed abordar todos los espacios y no\ndejar a nadie afuera\u201d. <\/p>\n\n\n\n<p>El sitio incluye informaci\u00f3n\nrelacionada con los anuncios econ\u00f3micos que ha realizado el Gobierno y que son\nde utilidad para las pymes, as\u00ed como los protocolos sanitarios que la autoridad\nsanitaria ha publicado para el funcionamiento de sectores como el comercio,\nferias libres y para el despacho de productos o correspondencia a domicilio,\nentre otros.<\/p>\n","protected":false},"excerpt":{"rendered":"<p>Se trata de la reactivaci\u00f3n del sitio www.elijopyme.cl, donde se concentra toda la informaci\u00f3n sobre los anuncios econ\u00f3micos y la oferta de financiamiento, capacitaciones, acompa\u00f1amiento que implementa esta cartera para&#8230; <a class=\"read-more\" href=\"https:\/\/www.radiopresidenteibanez.cl\/web\/ministerio-de-economia-lanza-portal-web-de-apoyo-y-orientacion-para-pymes-afectadas-por-la-crisis-sanitaria\/\">Leer m\u00e1s<\/a><\/p>\n","protected":false},"author":2,"featured_media":11517,"comment_status":"closed","ping_status":"closed","sticky":false,"template":"","format":"standard","meta":{"footnotes":""},"categories":[1],"tags":[],"class_list":["post-11516","post","type-post","status-publish","format-standard","has-post-thumbnail","hentry","category-cronica"],"_links":{"self":[{"href":"https:\/\/www.radiopresidenteibanez.cl\/web\/wp-json\/wp\/v2\/posts\/11516","targetHints":{"allow":["GET"]}}],"collection":[{"href":"https:\/\/www.radiopresidenteibanez.cl\/web\/wp-json\/wp\/v2\/posts"}],"about":[{"href":"https:\/\/www.radiopresidenteibanez.cl\/web\/wp-json\/wp\/v2\/types\/post"}],"author":[{"embeddable":true,"href":"https:\/\/www.radiopresidenteibanez.cl\/web\/wp-json\/wp\/v2\/users\/2"}],"replies":[{"embeddable":true,"href":"https:\/\/www.radiopresidenteibanez.cl\/web\/wp-json\/wp\/v2\/comments?post=11516"}],"version-history":[{"count":0,"href":"https:\/\/www.radiopresidenteibanez.cl\/web\/wp-json\/wp\/v2\/posts\/11516\/revisions"}],"wp:featuredmedia":[{"embeddable":true,"href":"https:\/\/www.radiopresidenteibanez.cl\/web\/wp-json\/wp\/v2\/media\/11517"}],"wp:attachment":[{"href":"https:\/\/www.radiopresidenteibanez.cl\/web\/wp-json\/wp\/v2\/media?parent=11516"}],"wp:term":[{"taxonomy":"category","embeddable":true,"href":"https:\/\/www.radiopresidenteibanez.cl\/web\/wp-json\/wp\/v2\/categories?post=11516"},{"taxonomy":"post_tag","embeddable":true,"href":"https:\/\/www.radiopresidenteibanez.cl\/web\/wp-json\/wp\/v2\/tags?post=11516"}],"curies":[{"name":"wp","href":"https:\/\/api.w.org\/{rel}","templated":true}]}}