{"id":11513,"date":"2020-04-30T13:45:32","date_gmt":"2020-04-30T13:45:32","guid":{"rendered":"https:\/\/www.radiopresidenteibanez.cl\/web\/?p=11513"},"modified":"2020-04-30T13:45:36","modified_gmt":"2020-04-30T13:45:36","slug":"alcalde-fernando-paredes-presenta-cuenta-publica-de-la-gestion-municipal-2019","status":"publish","type":"post","link":"https:\/\/www.radiopresidenteibanez.cl\/web\/alcalde-fernando-paredes-presenta-cuenta-publica-de-la-gestion-municipal-2019\/","title":{"rendered":"ALCALDE FERNANDO PAREDES PRESENTA CUENTA P\u00daBLICA DE LA GESTI\u00d3N MUNICIPAL 2019"},"content":{"rendered":"\n<p>Producto de la pandemia que\nafecta al pa\u00eds, por primera vez en su mandato, el alcalde de Natales detall\u00f3\nlas acciones, gestiones y proyectos ejecutados durante su administraci\u00f3n a\ntrav\u00e9s de videoconferencia al Concejo Municipal; Consejo de la Sociedad Civil y\nel Consejo de Seguridad Ciudadana.<\/p>\n\n\n\n<p>La cuenta p\u00fablica fue emitida\nmediante Facebook Live para que la comunidad natalina pudiera conocer la\ngesti\u00f3n de todas las direcciones y unidades &nbsp;de la municipalidad.<\/p>\n\n\n\n<p>En la instancia, la m\u00e1xima\nautoridad comunal, Fernando Paredes Mansilla se mostr\u00f3 orgulloso por todas las\ninstituciones que acompa\u00f1an el quehacer municipal. \u201cSi uno quiere resumir esta\ngesti\u00f3n desde el punto de vista social, hay un tremendo impacto como ustedes\npueden haberlo observado en esta cuenta. Si uno quiere graficarlo desde el\npunto de vista de la inversi\u00f3n, claramente m\u00e1s de 11 mil millones de pesos dan\ncuenta de un tremendo trabajo que se hace en el d\u00eda a d\u00eda del municipio\u201d.<\/p>\n\n\n\n<p>Asimismo, el\nalcalde se\u00f1al\u00f3 que los n\u00fameros de inversi\u00f3n en la ciudad, invitan a reflexionar\ny a mirar con mucho optimismo el futuro de Puerto Natales. \u201cEl desarrollo lo\nhacemos todos y eso ha quedado claramente graficado en esta cuenta p\u00fablica que\nacabo de dar a conocer a toda la comunidad\u201d.<\/p>\n\n\n\n<p>La inversi\u00f3n\np\u00fablica de este a\u00f1o, tuvo un acento social enfocado en mejoras a las\ninfraestructuras comunales de salud, becas escolares, renovaci\u00f3n de mobiliario\nen las escuelas, capacitaciones y subsidios, los cuales contabilizan m\u00e1s de 53\nmil beneficios entregados a la comunidad. <\/p>\n\n\n\n<p>Otro aspecto\ndestacado en la cuenta p\u00fablica de este a\u00f1o fue la gran cantidad de proyectos\ndesarrollados por el municipio, fomentando las \u00e1reas verdes y zonas de juegos\ncon el mejoramiento de 12 plazas, la ampliaci\u00f3n de sedes y la conservaci\u00f3n de\naceras. <\/p>\n\n\n\n<p>Finalmente, el\nedil de Natales realiz\u00f3 un reconocimiento p\u00fablico al Concejo Municipal por\napoyar de buena manera las gestiones realizadas para la comunidad e hizo una\nmenci\u00f3n especial para todos los funcionarios municipales que trabajan d\u00eda a d\u00eda\npara generar y ejecutar proyectos, los cuales siguen apoyando la atenci\u00f3n\nmunicipal en estos d\u00edas.<\/p>\n","protected":false},"excerpt":{"rendered":"<p>Producto de la pandemia que afecta al pa\u00eds, por primera vez en su mandato, el alcalde de Natales detall\u00f3 las acciones, gestiones y proyectos ejecutados durante su administraci\u00f3n a trav\u00e9s&#8230; <a class=\"read-more\" href=\"https:\/\/www.radiopresidenteibanez.cl\/web\/alcalde-fernando-paredes-presenta-cuenta-publica-de-la-gestion-municipal-2019\/\">Leer m\u00e1s<\/a><\/p>\n","protected":false},"author":2,"featured_media":11514,"comment_status":"closed","ping_status":"closed","sticky":false,"template":"","format":"standard","meta":{"footnotes":""},"categories":[1],"tags":[],"class_list":["post-11513","post","type-post","status-publish","format-standard","has-post-thumbnail","hentry","category-cronica"],"_links":{"self":[{"href":"https:\/\/www.radiopresidenteibanez.cl\/web\/wp-json\/wp\/v2\/posts\/11513","targetHints":{"allow":["GET"]}}],"collection":[{"href":"https:\/\/www.radiopresidenteibanez.cl\/web\/wp-json\/wp\/v2\/posts"}],"about":[{"href":"https:\/\/www.radiopresidenteibanez.cl\/web\/wp-json\/wp\/v2\/types\/post"}],"author":[{"embeddable":true,"href":"https:\/\/www.radiopresidenteibanez.cl\/web\/wp-json\/wp\/v2\/users\/2"}],"replies":[{"embeddable":true,"href":"https:\/\/www.radiopresidenteibanez.cl\/web\/wp-json\/wp\/v2\/comments?post=11513"}],"version-history":[{"count":0,"href":"https:\/\/www.radiopresidenteibanez.cl\/web\/wp-json\/wp\/v2\/posts\/11513\/revisions"}],"wp:featuredmedia":[{"embeddable":true,"href":"https:\/\/www.radiopresidenteibanez.cl\/web\/wp-json\/wp\/v2\/media\/11514"}],"wp:attachment":[{"href":"https:\/\/www.radiopresidenteibanez.cl\/web\/wp-json\/wp\/v2\/media?parent=11513"}],"wp:term":[{"taxonomy":"category","embeddable":true,"href":"https:\/\/www.radiopresidenteibanez.cl\/web\/wp-json\/wp\/v2\/categories?post=11513"},{"taxonomy":"post_tag","embeddable":true,"href":"https:\/\/www.radiopresidenteibanez.cl\/web\/wp-json\/wp\/v2\/tags?post=11513"}],"curies":[{"name":"wp","href":"https:\/\/api.w.org\/{rel}","templated":true}]}}