{"id":11497,"date":"2020-04-29T21:33:07","date_gmt":"2020-04-29T21:33:07","guid":{"rendered":"https:\/\/www.radiopresidenteibanez.cl\/web\/?p=11497"},"modified":"2020-04-29T21:33:11","modified_gmt":"2020-04-29T21:33:11","slug":"seremi-del-trabajo-si-un-empleador-suspende-la-relacion-laboral-no-corresponde-que-el-trabajador-siga-prestando-servicios-a-ese-empleador","status":"publish","type":"post","link":"https:\/\/www.radiopresidenteibanez.cl\/web\/seremi-del-trabajo-si-un-empleador-suspende-la-relacion-laboral-no-corresponde-que-el-trabajador-siga-prestando-servicios-a-ese-empleador\/","title":{"rendered":"SEREMI DEL TRABAJO: \u201cSI UN EMPLEADOR SUSPENDE LA RELACI\u00d3N LABORAL, NO CORRESPONDE QUE EL TRABAJADOR SIGA PRESTANDO SERVICIOS A ESE EMPLEADOR\u201d"},"content":{"rendered":"\n<p>Son m\u00faltiples las\nconsultas que han surgido en torno a la aplicaci\u00f3n de la ley de Protecci\u00f3n del\nEmpleo tras su entrada en vigencia, especialmente, luego de iniciado el proceso\nde registro por parte de las empresas que han solicitado acceder a esta\nnormativa desde el pasado 15 de abril.<\/p>\n\n\n\n<p>Por ello, la Seremi\ndel Trabajo, Victoria Cort\u00e9s Schiattino, hizo un fuerte llamado a los\nempleadores a respetar lo indicado por la normativa a la que en Magallanes se\nhan acogido m\u00e1s de 930 firmas, seg\u00fan expres\u00f3 a inicios de esta semana.<\/p>\n\n\n\n<p>En sus palabras, \u201ctal\ncomo lo se\u00f1al\u00f3 nuestra ministra del Trabajo, Mar\u00eda Jos\u00e9 Zald\u00edvar, en Magallanes\nson m\u00e1s de 930 las empresas que se han acogido a la ley de Protecci\u00f3n del\nEmpleo a trav\u00e9s de la suspensi\u00f3n de la relaci\u00f3n laboral producto de la crisis\nsanitaria que estamos viviendo. Por lo mismo, como cartera del Trabajo, nos\nhemos enfocado en hacer una amplia difusi\u00f3n respecto de los alcances de esta\nley, llamando a los empleadores a informarse y a respetar las normas\nestablecidas en la misma\u201d. <\/p>\n\n\n\n<p>En el marco de este\nllamado, la Seremi enfatiz\u00f3 que \u201cen caso que un empleador se acoja a la\nsuspensi\u00f3n de la relaci\u00f3n laboral, no corresponde que el trabajador siga\nprestando servicios para ese empleador, ni a trav\u00e9s de la modalidad de\nteletrabajo, ni de cualquier otro tipo de mecanismo, precisamente, porque este\nes el fundamento por el cual al empleador se le exime de la obligaci\u00f3n de pagar\nla remuneraci\u00f3n, siendo entonces la AFC (Administradora de Fondos de Pensiones)\nla que paga el subsidio al trabajador\u201d.<\/p>\n\n\n\n<p>La secretaria regional\nexpres\u00f3 en\u00e9rgicamente que las sanciones para aquellos que transgredan esta\nindicaci\u00f3n van desde multas, la prohibici\u00f3n de celebrar contratos con el Estado\nhasta penas de c\u00e1rcel. \u201cPor ello, estamos haciendo un llamado a hacer buen uso de\nla normativa, que ser\u00e1 fiscalizada y aquellos que la infrinjan no solamente se\nexponen a multas de car\u00e1cter administrativo, sino que tambi\u00e9n a la posibilidad\nde ser obligados a restituir los montos indebidamente emanados de la AFC e,\nincluso, a presidio menor en su grado m\u00e1ximo, de forma tal que el llamado es a\ninformarse y respetar la normativa que lo que busca es justamente proteger los\npuestos de trabajo y los derechos de los trabajadores\u201d, zanj\u00f3.<\/p>\n\n\n\n<p>Las autoridades, tanto\nregionales como nacionales, han reiterado la necesidad de ser responsables en\nel uso de esta norma, llamando a que se utilice s\u00f3lo cuando sea \u201cestrictamente\nnecesario\u201d y aquellas que se acojan hacerlo con el esp\u00edritu de la misma que\nbusca resguardar a los trabajadores en tanto dure la suspensi\u00f3n de sus\nfunciones.<\/p>\n","protected":false},"excerpt":{"rendered":"<p>Son m\u00faltiples las consultas que han surgido en torno a la aplicaci\u00f3n de la ley de Protecci\u00f3n del Empleo tras su entrada en vigencia, especialmente, luego de iniciado el proceso&#8230; <a class=\"read-more\" href=\"https:\/\/www.radiopresidenteibanez.cl\/web\/seremi-del-trabajo-si-un-empleador-suspende-la-relacion-laboral-no-corresponde-que-el-trabajador-siga-prestando-servicios-a-ese-empleador\/\">Leer m\u00e1s<\/a><\/p>\n","protected":false},"author":2,"featured_media":11423,"comment_status":"closed","ping_status":"closed","sticky":false,"template":"","format":"standard","meta":{"footnotes":""},"categories":[1],"tags":[],"class_list":["post-11497","post","type-post","status-publish","format-standard","has-post-thumbnail","hentry","category-cronica"],"_links":{"self":[{"href":"https:\/\/www.radiopresidenteibanez.cl\/web\/wp-json\/wp\/v2\/posts\/11497","targetHints":{"allow":["GET"]}}],"collection":[{"href":"https:\/\/www.radiopresidenteibanez.cl\/web\/wp-json\/wp\/v2\/posts"}],"about":[{"href":"https:\/\/www.radiopresidenteibanez.cl\/web\/wp-json\/wp\/v2\/types\/post"}],"author":[{"embeddable":true,"href":"https:\/\/www.radiopresidenteibanez.cl\/web\/wp-json\/wp\/v2\/users\/2"}],"replies":[{"embeddable":true,"href":"https:\/\/www.radiopresidenteibanez.cl\/web\/wp-json\/wp\/v2\/comments?post=11497"}],"version-history":[{"count":0,"href":"https:\/\/www.radiopresidenteibanez.cl\/web\/wp-json\/wp\/v2\/posts\/11497\/revisions"}],"wp:featuredmedia":[{"embeddable":true,"href":"https:\/\/www.radiopresidenteibanez.cl\/web\/wp-json\/wp\/v2\/media\/11423"}],"wp:attachment":[{"href":"https:\/\/www.radiopresidenteibanez.cl\/web\/wp-json\/wp\/v2\/media?parent=11497"}],"wp:term":[{"taxonomy":"category","embeddable":true,"href":"https:\/\/www.radiopresidenteibanez.cl\/web\/wp-json\/wp\/v2\/categories?post=11497"},{"taxonomy":"post_tag","embeddable":true,"href":"https:\/\/www.radiopresidenteibanez.cl\/web\/wp-json\/wp\/v2\/tags?post=11497"}],"curies":[{"name":"wp","href":"https:\/\/api.w.org\/{rel}","templated":true}]}}