{"id":11480,"date":"2020-04-29T21:02:00","date_gmt":"2020-04-29T21:02:00","guid":{"rendered":"https:\/\/www.radiopresidenteibanez.cl\/web\/?p=11480"},"modified":"2020-04-29T21:02:05","modified_gmt":"2020-04-29T21:02:05","slug":"edelmag-se-refiere-al-corte-de-suministro-electrico-realizado-en-toma-del-sector-alto-de-punta-arenas","status":"publish","type":"post","link":"https:\/\/www.radiopresidenteibanez.cl\/web\/edelmag-se-refiere-al-corte-de-suministro-electrico-realizado-en-toma-del-sector-alto-de-punta-arenas\/","title":{"rendered":"EDELMAG SE REFIERE AL CORTE DE SUMINISTRO EL\u00c9CTRICO REALIZADO EN TOMA DEL SECTOR ALTO DE PUNTA ARENAS"},"content":{"rendered":"\n<p>En relaci\u00f3n con lo ocurrido durante la presente jornada en el\nsector alto de Enrique Abello de Punta Arenas, la Empresa El\u00e9ctrica de\nMagallanes informa lo siguiente:<\/p>\n\n\n\n<ul class=\"wp-block-list\"><li>Pasado este medio d\u00eda,\nse solicit\u00f3 la presencia de personal de EDELMAG debido a la combusti\u00f3n de\nl\u00edneas el\u00e9ctricas en la Poblaci\u00f3n Cardenal Ra\u00fal Silva Henr\u00edquez de Punta\nArenas.<\/li><\/ul>\n\n\n\n<ul class=\"wp-block-list\"><li>En el lugar se constat\u00f3 la\ninflamaci\u00f3n l\u00edneas subterr\u00e1neas particulares, que ingresaban al sector de las\ntomas de terreno ubicadas en Enrique Abello, desde un empalme particular. Frente\na lo cual se procedi\u00f3 a la desconexi\u00f3n de esta instalaci\u00f3n irregular.<\/li><\/ul>\n\n\n\n<ul class=\"wp-block-list\"><li>Adem\u00e1s, se verific\u00f3 una\nsegunda conexi\u00f3n irregular por Avenida Cardenal Silva Henr\u00edquez, la que tambi\u00e9n\nfue desconectada.<\/li><\/ul>\n\n\n\n<ul class=\"wp-block-list\"><li>Cabe\nrecordar que las conexiones irregulares implican serios riesgos para las\npersonas y a sus bienes, principalmente por electrocuci\u00f3n e incendios debido a\nla sobrecarga de los conductores.<\/li><\/ul>\n\n\n\n<ul class=\"wp-block-list\"><li>La conexi\u00f3n de nuevos\nclientes a la red el\u00e9ctrica debe cumplir con los requisitos contemplados en la\nnormativa legal vigente, entre los que se cuentan la solicitud de empalme\nrealizada por el propietario del terreno, situaci\u00f3n que a la fecha no ha\nocurrido. <\/li><\/ul>\n\n\n\n<ul class=\"wp-block-list\"><li>Este tipo de acciones,\nconexiones irregulares y el hurto de energ\u00eda, se encuentran penadas por la ley,\ny tienen sanciones penales, civiles y administrativas.<\/li><\/ul>\n","protected":false},"excerpt":{"rendered":"<p>En relaci\u00f3n con lo ocurrido durante la presente jornada en el sector alto de Enrique Abello de Punta Arenas, la Empresa El\u00e9ctrica de Magallanes informa lo siguiente: Pasado este medio&#8230; <a class=\"read-more\" href=\"https:\/\/www.radiopresidenteibanez.cl\/web\/edelmag-se-refiere-al-corte-de-suministro-electrico-realizado-en-toma-del-sector-alto-de-punta-arenas\/\">Leer m\u00e1s<\/a><\/p>\n","protected":false},"author":2,"featured_media":714,"comment_status":"closed","ping_status":"closed","sticky":false,"template":"","format":"standard","meta":{"footnotes":""},"categories":[1],"tags":[],"class_list":["post-11480","post","type-post","status-publish","format-standard","has-post-thumbnail","hentry","category-cronica"],"_links":{"self":[{"href":"https:\/\/www.radiopresidenteibanez.cl\/web\/wp-json\/wp\/v2\/posts\/11480","targetHints":{"allow":["GET"]}}],"collection":[{"href":"https:\/\/www.radiopresidenteibanez.cl\/web\/wp-json\/wp\/v2\/posts"}],"about":[{"href":"https:\/\/www.radiopresidenteibanez.cl\/web\/wp-json\/wp\/v2\/types\/post"}],"author":[{"embeddable":true,"href":"https:\/\/www.radiopresidenteibanez.cl\/web\/wp-json\/wp\/v2\/users\/2"}],"replies":[{"embeddable":true,"href":"https:\/\/www.radiopresidenteibanez.cl\/web\/wp-json\/wp\/v2\/comments?post=11480"}],"version-history":[{"count":0,"href":"https:\/\/www.radiopresidenteibanez.cl\/web\/wp-json\/wp\/v2\/posts\/11480\/revisions"}],"wp:featuredmedia":[{"embeddable":true,"href":"https:\/\/www.radiopresidenteibanez.cl\/web\/wp-json\/wp\/v2\/media\/714"}],"wp:attachment":[{"href":"https:\/\/www.radiopresidenteibanez.cl\/web\/wp-json\/wp\/v2\/media?parent=11480"}],"wp:term":[{"taxonomy":"category","embeddable":true,"href":"https:\/\/www.radiopresidenteibanez.cl\/web\/wp-json\/wp\/v2\/categories?post=11480"},{"taxonomy":"post_tag","embeddable":true,"href":"https:\/\/www.radiopresidenteibanez.cl\/web\/wp-json\/wp\/v2\/tags?post=11480"}],"curies":[{"name":"wp","href":"https:\/\/api.w.org\/{rel}","templated":true}]}}