{"id":11477,"date":"2020-04-29T20:57:04","date_gmt":"2020-04-29T20:57:04","guid":{"rendered":"https:\/\/www.radiopresidenteibanez.cl\/web\/?p=11477"},"modified":"2020-04-29T20:57:08","modified_gmt":"2020-04-29T20:57:08","slug":"economia-y-naturaleza-por-rolando-martinez","status":"publish","type":"post","link":"https:\/\/www.radiopresidenteibanez.cl\/web\/economia-y-naturaleza-por-rolando-martinez\/","title":{"rendered":"ECONOM\u00cdA Y NATURALEZA por ROLANDO MART\u00cdNEZ"},"content":{"rendered":"\n<p>La detenci\u00f3n del mundo\nprovocada por la pandemia del coronavirus y que ha obligado a establecer\nprolongadas cuarentenas repercute a la econom\u00eda mundial, pero tambi\u00e9n le da un\nrespiro a la naturaleza.<\/p>\n\n\n\n<p>En este punto en las grandes\nciudades ha mejorado la calidad del aire al haber menos tr\u00e1fico de veh\u00edculos,\nmientras en otros lugares la fauna ha buscado reconquistar antiguos dominios\ncomo lo vimos hace unas semanas con jabal\u00edes que buscaban comida en calles de\nBarcelona o decenas de ciervos descansando en calles de la ciudad japonesa de\nNara.<\/p>\n\n\n\n<p>En Chile la fauna aut\u00f3ctona\ntambi\u00e9n se ha acercado a las periferias de las ciudades en una se\u00f1al clara del\nrepliegue de la intervenci\u00f3n humana que hoy est\u00e1 preocupada de cuidarse de esta\npandemia.<\/p>\n\n\n\n<p>Incluso hay voces en distintos\nsectores del mundo que advierten que la ocurrencia del coronavirus es un\nmensaje de la Tierra que ha sido maltratada en su medio ambiente por la acci\u00f3n\ndel hombre.<\/p>\n\n\n\n<p>El monje budista Maitreya, con\n79 a\u00f1os de edad y acostumbrado a vivir en aislamiento en los \u00faltimos 44 a\u00f1os en\nGran Breta\u00f1a dice: &#8216;Veo el presente coronavirus como una advertencia grave de\nla naturaleza a la humanidad de que tenemos que cambiar la forma en que vivimos\nahora en este planeta\u201d, dice.<\/p>\n\n\n\n<p>Y luego agrega que \u00abla\nraza humana ha creado una civilizaci\u00f3n materialista que ha tra\u00eddo prosperidad y\nriqueza masivas al mundo, especialmente a las naciones industrializadas, pero\ntiene un precio enorme: explotaci\u00f3n catastr\u00f3fica, devastaci\u00f3n del medio ambiente,\ndestrucci\u00f3n de la naturaleza. Y finalmente, la naturaleza se vuelve contra\nnosotros, oblig\u00e1ndonos a detener por completo las actividades econ\u00f3micas,\nindustriales y sociales y cerrando el mundo a trav\u00e9s de la pandemia\u00bb.<\/p>\n\n\n\n<p>La periodista, escritora y\necologista Mal\u00fa Sierra, en entrevista a revista S\u00e1bado de El Mercurio, se\u00f1ala\nque la Tierra reaccion\u00f3 con esta pandemia para defenderse de los abusos que ha\ncometido el ser humano.<\/p>\n\n\n\n<p>Sin embargo, por el otro lado\nest\u00e1 el desarrollo econ\u00f3mico que no puede seguir cayendo porque todos\nnecesitamos seguir trabajando para cumplir con nuestros compromisos y lograr\nciertos objetivos de vida.<\/p>\n\n\n\n<p>Es ac\u00e1 donde necesariamente\nhay que detenerse para buscar las mejores f\u00f3rmulas que permita en cada ciudad\ndesarrollada mantener un saludable equilibrio entre el cuidado del medio\nambiente y una econom\u00eda que no puede detenerse.<\/p>\n\n\n\n<p>En Punta Arenas seguimos con\ncuarentena por una semana m\u00e1s. Y m\u00e1s de alguien se desespera porque las\nconsecuencias negativas en nuestra econom\u00eda siguen agrav\u00e1ndose, pero tambi\u00e9n\ndebemos mantener nuestro autocuidado y no agudizar la brecha de m\u00e1s\ncontagiados.<\/p>\n\n\n\n<p>Aboguemos porque pronto se\nrecuperen los 693 magall\u00e1nicos hasta ayer reportados con contagio, de los\ncuales 657 residen en la capital magall\u00e1nica.<\/p>\n\n\n\n<p>Cuando pase todo esto nos\nnecesitaremos todos para levantar la alica\u00edda econom\u00eda magall\u00e1nica y no dudo\nque sacaremos fuerza para salir adelante. Pero tambi\u00e9n creo que tendremos otra\nmirada por nuestro entorno natural y deberemos saber mantener ese saludable\nequilibrio entre econom\u00eda y naturaleza.<\/p>\n","protected":false},"excerpt":{"rendered":"<p>La detenci\u00f3n del mundo provocada por la pandemia del coronavirus y que ha obligado a establecer prolongadas cuarentenas repercute a la econom\u00eda mundial, pero tambi\u00e9n le da un respiro a&#8230; <a class=\"read-more\" href=\"https:\/\/www.radiopresidenteibanez.cl\/web\/economia-y-naturaleza-por-rolando-martinez\/\">Leer m\u00e1s<\/a><\/p>\n","protected":false},"author":2,"featured_media":11478,"comment_status":"closed","ping_status":"closed","sticky":false,"template":"","format":"standard","meta":{"footnotes":""},"categories":[1],"tags":[],"class_list":["post-11477","post","type-post","status-publish","format-standard","has-post-thumbnail","hentry","category-cronica"],"_links":{"self":[{"href":"https:\/\/www.radiopresidenteibanez.cl\/web\/wp-json\/wp\/v2\/posts\/11477","targetHints":{"allow":["GET"]}}],"collection":[{"href":"https:\/\/www.radiopresidenteibanez.cl\/web\/wp-json\/wp\/v2\/posts"}],"about":[{"href":"https:\/\/www.radiopresidenteibanez.cl\/web\/wp-json\/wp\/v2\/types\/post"}],"author":[{"embeddable":true,"href":"https:\/\/www.radiopresidenteibanez.cl\/web\/wp-json\/wp\/v2\/users\/2"}],"replies":[{"embeddable":true,"href":"https:\/\/www.radiopresidenteibanez.cl\/web\/wp-json\/wp\/v2\/comments?post=11477"}],"version-history":[{"count":0,"href":"https:\/\/www.radiopresidenteibanez.cl\/web\/wp-json\/wp\/v2\/posts\/11477\/revisions"}],"wp:featuredmedia":[{"embeddable":true,"href":"https:\/\/www.radiopresidenteibanez.cl\/web\/wp-json\/wp\/v2\/media\/11478"}],"wp:attachment":[{"href":"https:\/\/www.radiopresidenteibanez.cl\/web\/wp-json\/wp\/v2\/media?parent=11477"}],"wp:term":[{"taxonomy":"category","embeddable":true,"href":"https:\/\/www.radiopresidenteibanez.cl\/web\/wp-json\/wp\/v2\/categories?post=11477"},{"taxonomy":"post_tag","embeddable":true,"href":"https:\/\/www.radiopresidenteibanez.cl\/web\/wp-json\/wp\/v2\/tags?post=11477"}],"curies":[{"name":"wp","href":"https:\/\/api.w.org\/{rel}","templated":true}]}}