{"id":11471,"date":"2020-04-29T14:11:19","date_gmt":"2020-04-29T14:11:19","guid":{"rendered":"https:\/\/www.radiopresidenteibanez.cl\/web\/?p=11471"},"modified":"2020-04-29T14:11:24","modified_gmt":"2020-04-29T14:11:24","slug":"ss-magallanes-se-refiere-a-la-situacion-de-la-pandemia-del-covid-19","status":"publish","type":"post","link":"https:\/\/www.radiopresidenteibanez.cl\/web\/ss-magallanes-se-refiere-a-la-situacion-de-la-pandemia-del-covid-19\/","title":{"rendered":"SS MAGALLANES SE REFIERE A LA SITUACI\u00d3N DE LA PANDEMIA DEL COVID-19"},"content":{"rendered":"\n<p>La Direcci\u00f3n del\nServicio de Salud Magallanes en esta situaci\u00f3n de pandemia que nos afecta por\nCOVID_19, desea enfatizar tanto a la comunidad como a los medios de\ncomunicaci\u00f3n la necesidad de informarse a trav\u00e9s de las fuentes oficiales, sin\nhacer eco de trascendidos que incurren en desinformar y caer en errores\ninvoluntarios por la premura.<\/p>\n\n\n\n<p>Lo anterior, a ra\u00edz\nde publicaci\u00f3n en un medio escrito de circulaci\u00f3n regional, en donde se daba\npor realizado egreso por traslado de pacientes hacia la ciudad de Santiago, lo\nque no es efectivo; mencionar que este procedimiento involucra diversos\nfactores, tanto internos como ex\u00f3genos, que pueden influir directamente en su materializaci\u00f3n,\npor lo que s\u00f3lo podemos dar por hecho, una vez concretado.<\/p>\n\n\n\n<p>En este mismo orden\nde ideas, a ra\u00edz de lo acontecido en la ciudad de Puerto Natales, deseamos destacar\nla naturaleza reservada de la situaci\u00f3n diagn\u00f3stica de los pacientes, dada su\ncondici\u00f3n de dato sensible protegido tanto por Ley N\u00b019.624 de Datos Sensibles\ncomo por Ley N\u00b020.584 de Deberes y Derechos de los Pacientes. <\/p>\n\n\n\n<p>De igual forma, la\nDirecci\u00f3n del Servicio de Salud, desea reiterar a la comunidad magall\u00e1nica su\ncompromiso con la atenci\u00f3n de nuestros usuarios\/as, mediante la coordinaci\u00f3n y\ngesti\u00f3n de la Red Integrada COVID_19; a la vez que, solicita el compromiso y\nresponsabilidad de todos\/as, en cuanto respetar la cuarentena y reforzar las\nmedidas de prevenci\u00f3n indicadas, referidas al lavado frecuente de manos,\nmantener la distancia social, utilizar mascarilla y especialmente quedarse en\nsu casa durante este periodo.<\/p>\n\n\n\n<p>Es tarea de todos\ncomo sociedad ser responsables con nuestra salud, la de nuestras familias y comunidad.<\/p>\n","protected":false},"excerpt":{"rendered":"<p>La Direcci\u00f3n del Servicio de Salud Magallanes en esta situaci\u00f3n de pandemia que nos afecta por COVID_19, desea enfatizar tanto a la comunidad como a los medios de comunicaci\u00f3n la&#8230; <a class=\"read-more\" href=\"https:\/\/www.radiopresidenteibanez.cl\/web\/ss-magallanes-se-refiere-a-la-situacion-de-la-pandemia-del-covid-19\/\">Leer m\u00e1s<\/a><\/p>\n","protected":false},"author":2,"featured_media":740,"comment_status":"closed","ping_status":"closed","sticky":false,"template":"","format":"standard","meta":{"footnotes":""},"categories":[1],"tags":[],"class_list":["post-11471","post","type-post","status-publish","format-standard","has-post-thumbnail","hentry","category-cronica"],"_links":{"self":[{"href":"https:\/\/www.radiopresidenteibanez.cl\/web\/wp-json\/wp\/v2\/posts\/11471","targetHints":{"allow":["GET"]}}],"collection":[{"href":"https:\/\/www.radiopresidenteibanez.cl\/web\/wp-json\/wp\/v2\/posts"}],"about":[{"href":"https:\/\/www.radiopresidenteibanez.cl\/web\/wp-json\/wp\/v2\/types\/post"}],"author":[{"embeddable":true,"href":"https:\/\/www.radiopresidenteibanez.cl\/web\/wp-json\/wp\/v2\/users\/2"}],"replies":[{"embeddable":true,"href":"https:\/\/www.radiopresidenteibanez.cl\/web\/wp-json\/wp\/v2\/comments?post=11471"}],"version-history":[{"count":0,"href":"https:\/\/www.radiopresidenteibanez.cl\/web\/wp-json\/wp\/v2\/posts\/11471\/revisions"}],"wp:featuredmedia":[{"embeddable":true,"href":"https:\/\/www.radiopresidenteibanez.cl\/web\/wp-json\/wp\/v2\/media\/740"}],"wp:attachment":[{"href":"https:\/\/www.radiopresidenteibanez.cl\/web\/wp-json\/wp\/v2\/media?parent=11471"}],"wp:term":[{"taxonomy":"category","embeddable":true,"href":"https:\/\/www.radiopresidenteibanez.cl\/web\/wp-json\/wp\/v2\/categories?post=11471"},{"taxonomy":"post_tag","embeddable":true,"href":"https:\/\/www.radiopresidenteibanez.cl\/web\/wp-json\/wp\/v2\/tags?post=11471"}],"curies":[{"name":"wp","href":"https:\/\/api.w.org\/{rel}","templated":true}]}}