{"id":11456,"date":"2020-04-29T13:07:27","date_gmt":"2020-04-29T13:07:27","guid":{"rendered":"https:\/\/www.radiopresidenteibanez.cl\/web\/?p=11456"},"modified":"2020-04-29T13:07:31","modified_gmt":"2020-04-29T13:07:31","slug":"mas-de-300-emprendedores-magallanicos-han-respondido-la-encuesta-del-gobierno-regional-para-ayudar-a-las-micro-pequenas-y-medianas-empresas","status":"publish","type":"post","link":"https:\/\/www.radiopresidenteibanez.cl\/web\/mas-de-300-emprendedores-magallanicos-han-respondido-la-encuesta-del-gobierno-regional-para-ayudar-a-las-micro-pequenas-y-medianas-empresas\/","title":{"rendered":"M\u00c1S DE 300 EMPRENDEDORES MAGALL\u00c1NICOS HAN RESPONDIDO LA ENCUESTA DEL GOBIERNO REGIONAL PARA AYUDAR A LAS MICRO, PEQUE\u00d1AS Y MEDIANAS EMPRESAS"},"content":{"rendered":"\n<p>En\nel marco de la Estrategia Regional Covid-19 2020-2021, para hacer frente a la\ncrisis sanitaria m\u00e1s importante que ha debido enfrentar Chile en las \u00faltimas\nd\u00e9cadas, y con el fin de impulsar la reactivaci\u00f3n socioecon\u00f3mica del territorio\nm\u00e1s austral del pa\u00eds, el Gobierno Regional de Magallanes y de la Ant\u00e1rtica\nChilena lanz\u00f3 la semana pasada <strong>una\nencuesta virtual destinada a propietarios de micro, peque\u00f1as y medianas\nempresas (MiPyme)<\/strong> que se han visto afectadas por meses complejos para su\npropia econom\u00eda, considerando que desde mediados de octubre han registrado\nimportantes p\u00e9rdidas debido al estallido social, y posteriormente han sido\ngolpeados con la llegada del Covid-19.<\/p>\n\n\n\n<p>Se\ntrata de un breve cuestionario, que es an\u00f3nimo y no toma m\u00e1s de diez minutos\ncompletarlo, el cual se inicia con un par de preguntas para contextualizar el\nescenario actual de cada emprendedor, como por ejemplo: a qu\u00e9 sector econ\u00f3mico\ncorresponde, de cu\u00e1ntos empleados dispone, cu\u00e1nto tiempo de vida tiene, interrogantes\nque no apuntan a individualizar a la empresa. <\/p>\n\n\n\n<p>La\nsegunda parte apunta a conocer c\u00f3mo se enfrenta la MiPyme a los pr\u00f3ximos meses\nbajo este mismo escenario y, finalmente, se pregunta cu\u00e1l es su percepci\u00f3n\nrespecto a algunas herramientas de ayuda que ha gestionado el Gobierno del\nPresidente Sebasti\u00e1n Pi\u00f1era, consultando adem\u00e1s qu\u00e9 otro tipo de apoyo, desde\nsus puntos de vista, habr\u00eda que implementar para poder salir adelante en estos\nmomentos tan dif\u00edciles para el emprendimiento y la vida socioecon\u00f3mica\nregional. Cabe se\u00f1alar que <strong>a la fecha ya\nvan m\u00e1s de 300 emprendedores locales que han contestado esta encuesta.<\/strong><\/p>\n\n\n\n<p>Pese\na que no hay una identificaci\u00f3n propiamente tal de la empresa, si la persona lo\ndesea, puede registrar su correo electr\u00f3nico al final de la encuesta para\nrecibir mayor informaci\u00f3n concerniente a los diferentes proyectos y programas de\napoyo existentes que est\u00e1n impulsando tanto los municipios como el Gobierno\ncentral o regional.<\/p>\n\n\n\n<p>La\nrelevancia de esta pesquisa virtual <strong>apunta\na definir<\/strong> <strong>c\u00f3mo se encuentran las\nempresas locales y c\u00f3mo llega este momento respecto a su situaci\u00f3n financiera o\nde empleabilidad<\/strong>, entre otros t\u00e9rminos, medici\u00f3n que refleja en tiempo real\nlas percepciones presentes y futuras, teniendo en cuenta que constantemente los\nreportes y estad\u00edsticas oficiales que se emiten entregan informaci\u00f3n basada en\ndatos anteriores. <\/p>\n\n\n\n<p>Asimismo,\n<strong>es necesario conocer cu\u00e1les son las\nproyecciones que tienen como MiPymes, en torno a si este escenario de pandemia\nmundial se pudiese extender por varios meses m\u00e1s en Magallanes<\/strong>, es decir,\nc\u00f3mo prev\u00e9n cada uno de los emprendedores el futuro de la Pyme regional desde\nsu propia realidad.<\/p>\n\n\n\n<p>Al\nrespecto, el jefe de la Divisi\u00f3n de Fomento e Industrias del Gobierno Regional\nde Magallanes y de la Ant\u00e1rtica Chilena, V\u00edctor Fern\u00e1ndez, acot\u00f3 que \u201cpara\ngenerar proyectos, para desarrollar e implementar pol\u00edticas p\u00fablicas que\nfinalmente minimicen el efecto de la crisis sanitaria en las MiPymes regionales\ndebemos tener la mayor cantidad de informaci\u00f3n disponible, y a\u00fan cuando existe\ninformaci\u00f3n oficial en torno a lo que est\u00e1 ocurriendo desde el punto de vista\ngeneral es m\u00e1s que relevante hacer las consultas a los emprendedores respecto a\ncu\u00e1les son sus problem\u00e1ticas y c\u00f3mo est\u00e1n enfrentando la situaci\u00f3n de crisis\nsanitaria que existe actualmente en la regi\u00f3n\u201d.<\/p>\n\n\n\n<p>Finalmente,\npara poder acceder y responder las 24 preguntas que forman parte de esta\nencuesta, se puede escanear un c\u00f3digo QR que ser\u00e1 compartido en las redes\nsociales de la Intendencia de Magallanes y de la Ant\u00e1rtica Chilena y en las del\nGobierno Regional de Magallanes y de la Ant\u00e1rtica Chilena, sin embargo, tambi\u00e9n\nse puede participar a trav\u00e9s del sitio <a href=\"https:\/\/es.surveymonkey.com\/r\/situacionpymesregionales\">https:\/\/es.surveymonkey.com\/r\/situacionpymesregionales<\/a>.<\/p>\n","protected":false},"excerpt":{"rendered":"<p>En el marco de la Estrategia Regional Covid-19 2020-2021, para hacer frente a la crisis sanitaria m\u00e1s importante que ha debido enfrentar Chile en las \u00faltimas d\u00e9cadas, y con el&#8230; <a class=\"read-more\" href=\"https:\/\/www.radiopresidenteibanez.cl\/web\/mas-de-300-emprendedores-magallanicos-han-respondido-la-encuesta-del-gobierno-regional-para-ayudar-a-las-micro-pequenas-y-medianas-empresas\/\">Leer m\u00e1s<\/a><\/p>\n","protected":false},"author":2,"featured_media":11457,"comment_status":"closed","ping_status":"closed","sticky":false,"template":"","format":"standard","meta":{"footnotes":""},"categories":[1],"tags":[],"class_list":["post-11456","post","type-post","status-publish","format-standard","has-post-thumbnail","hentry","category-cronica"],"_links":{"self":[{"href":"https:\/\/www.radiopresidenteibanez.cl\/web\/wp-json\/wp\/v2\/posts\/11456","targetHints":{"allow":["GET"]}}],"collection":[{"href":"https:\/\/www.radiopresidenteibanez.cl\/web\/wp-json\/wp\/v2\/posts"}],"about":[{"href":"https:\/\/www.radiopresidenteibanez.cl\/web\/wp-json\/wp\/v2\/types\/post"}],"author":[{"embeddable":true,"href":"https:\/\/www.radiopresidenteibanez.cl\/web\/wp-json\/wp\/v2\/users\/2"}],"replies":[{"embeddable":true,"href":"https:\/\/www.radiopresidenteibanez.cl\/web\/wp-json\/wp\/v2\/comments?post=11456"}],"version-history":[{"count":0,"href":"https:\/\/www.radiopresidenteibanez.cl\/web\/wp-json\/wp\/v2\/posts\/11456\/revisions"}],"wp:featuredmedia":[{"embeddable":true,"href":"https:\/\/www.radiopresidenteibanez.cl\/web\/wp-json\/wp\/v2\/media\/11457"}],"wp:attachment":[{"href":"https:\/\/www.radiopresidenteibanez.cl\/web\/wp-json\/wp\/v2\/media?parent=11456"}],"wp:term":[{"taxonomy":"category","embeddable":true,"href":"https:\/\/www.radiopresidenteibanez.cl\/web\/wp-json\/wp\/v2\/categories?post=11456"},{"taxonomy":"post_tag","embeddable":true,"href":"https:\/\/www.radiopresidenteibanez.cl\/web\/wp-json\/wp\/v2\/tags?post=11456"}],"curies":[{"name":"wp","href":"https:\/\/api.w.org\/{rel}","templated":true}]}}