{"id":11454,"date":"2020-04-29T13:03:43","date_gmt":"2020-04-29T13:03:43","guid":{"rendered":"https:\/\/www.radiopresidenteibanez.cl\/web\/?p=11454"},"modified":"2020-04-29T13:03:47","modified_gmt":"2020-04-29T13:03:47","slug":"encuesta-del-ministerio-de-desarrollo-social-y-familia-alerta-que-uno-de-cada-tres-jovenes-cree-que-no-se-contagiara-de-covid-19","status":"publish","type":"post","link":"https:\/\/www.radiopresidenteibanez.cl\/web\/encuesta-del-ministerio-de-desarrollo-social-y-familia-alerta-que-uno-de-cada-tres-jovenes-cree-que-no-se-contagiara-de-covid-19\/","title":{"rendered":"ENCUESTA DEL MINISTERIO DE DESARROLLO SOCIAL Y FAMILIA  ALERTA QUE UNO DE CADA TRES J\u00d3VENES CREE QUE NO SE CONTAGIAR\u00c1 DE COVID-19"},"content":{"rendered":"\n<p>Los\ndatos fueron el resultado de la \u201cRadiograf\u00eda nacional de j\u00f3venes frente a la\ncrisis sanitaria Covid-19\u201d, estudio realizado por el Ministerio de Desarrollo\nSocial y Familia, a trav\u00e9s de la Subsecretar\u00eda de la Ni\u00f1ez y que tuvo como foco\nlos adolescentes y j\u00f3venes del pa\u00eds, para saber sus sentimientos y\ncomportamiento frente a la pandemia COVID-19.<\/p>\n\n\n\n<p>La\nencuesta se hizo en 70 comunas a nivel nacional, a j\u00f3venes y adolescentes entre\n14 y 24 a\u00f1os, entre el 17 y 21 de abril de 2020. Entre los principales\nresultados se pudo encontrar que el 98% de los encuestados percibe la crisis de\nCOVID-19 es algo grave, pero un 41% dice que los adultos exageran con la\ngravedad del Coronavirus.<\/p>\n\n\n\n<p>Otro\nde los datos destacados en el estudio es el porcentaje de j\u00f3venes que se declara\npreocupados con la pandemia, sobresaliendo la percepci\u00f3n de que esta crisis les\ngenera obligaciones y, en definitiva, desagrado, pero a\u00fan no los ha invadido a\ntal punto de ser un motor de sentimientos primordial. <\/p>\n\n\n\n<p>Para\nlos adolescentes, lo que pierden en educaci\u00f3n lo est\u00e1n ganando en tedio. Para\nmuchos, el estar perdiendo clases no es una p\u00e9rdida dram\u00e1tica (a un 31% le\nimporta poco o muy poco), habiendo una mayor preocupaci\u00f3n en encuestados entre\n14 y 17 a\u00f1os (60%), que los entre 18 y 21 (40%) y 22 y 24 (30%). Esto coincide\ncon que el 44% siente que le sirven de nada o casi nada las clases on line o\nactividades acad\u00e9micas.<\/p>\n\n\n\n<p>La\nseremi de Desarrollo Social y Familia, Liz Casanueva, invit\u00f3 a las familias a\nrevisar este estudio que est\u00e1 disponible en la p\u00e1gina web del Ministerio.&nbsp; Asimismo, destac\u00f3 algunos datos relevantes. <em>\u201cNuestra regi\u00f3n es una de las m\u00e1s afectadas\npor el Covid 19 en relaci\u00f3n a la cantidad de habitantes.&nbsp; Por lo tanto, este estudio llega en un\nmomento muy pertinente, porque estar informados tambi\u00e9n es una forma de\nprevenir.&nbsp; Por eso, los quiero invitar a\nrevisar este estudio y compartirlo en familia, ya que hay algunos datos que nos\ndebieran preocupar, como por ejemplo el que indica que el 29% de los j\u00f3venes\nencuestados cree que los j\u00f3venes no se contagian, lo que puede deberse a una\nconfusi\u00f3n con la categor\u00eda de asintom\u00e1tico o no enfermar gravemente; siendo que\nen realidad ambos casos constituyen casos positivos de Covid 19 y por lo tanto,\nportadores del virus y posibles contagiantes de personas m\u00e1s vulnerables.&nbsp; Es urgente cambiar esta percepci\u00f3n de los\nj\u00f3venes porque no podemos olvidar que de esta pandemia salimos todos juntos y\nellos tienen una gran responsabilidad con sus adultos mayores, ya sean padres,\nabuelos o cuidadores\u201d. <\/em><\/p>\n\n\n\n<p>En\ncontraste, s\u00ed se evidencia una gran preocupaci\u00f3n por el futuro en el plano\necon\u00f3mico. Al 65% le importa mucho no poder conseguir un trabajo. Mientras al\n83% le importa mucho la p\u00e9rdida de empleo de sus padres y familiares. En este\ncontexto, las mujeres manifiestan m\u00e1s preocupaci\u00f3n que los hombres (87% vs.\n76%).<\/p>\n\n\n\n<p>Por\notra parte, aparentemente no hay percepci\u00f3n de riesgo respecto al aumento de la\nviolencia en el hogar, pero si hay una alta preocupaci\u00f3n en relaci\u00f3n con las\nconsecuencias que podr\u00eda traer la pandemia en materia de salud mental propia\n(56%) y de los cercanos (56%).<\/p>\n","protected":false},"excerpt":{"rendered":"<p>Los datos fueron el resultado de la \u201cRadiograf\u00eda nacional de j\u00f3venes frente a la crisis sanitaria Covid-19\u201d, estudio realizado por el Ministerio de Desarrollo Social y Familia, a trav\u00e9s de&#8230; <a class=\"read-more\" href=\"https:\/\/www.radiopresidenteibanez.cl\/web\/encuesta-del-ministerio-de-desarrollo-social-y-familia-alerta-que-uno-de-cada-tres-jovenes-cree-que-no-se-contagiara-de-covid-19\/\">Leer m\u00e1s<\/a><\/p>\n","protected":false},"author":2,"featured_media":11009,"comment_status":"closed","ping_status":"closed","sticky":false,"template":"","format":"standard","meta":{"footnotes":""},"categories":[1],"tags":[],"class_list":["post-11454","post","type-post","status-publish","format-standard","has-post-thumbnail","hentry","category-cronica"],"_links":{"self":[{"href":"https:\/\/www.radiopresidenteibanez.cl\/web\/wp-json\/wp\/v2\/posts\/11454","targetHints":{"allow":["GET"]}}],"collection":[{"href":"https:\/\/www.radiopresidenteibanez.cl\/web\/wp-json\/wp\/v2\/posts"}],"about":[{"href":"https:\/\/www.radiopresidenteibanez.cl\/web\/wp-json\/wp\/v2\/types\/post"}],"author":[{"embeddable":true,"href":"https:\/\/www.radiopresidenteibanez.cl\/web\/wp-json\/wp\/v2\/users\/2"}],"replies":[{"embeddable":true,"href":"https:\/\/www.radiopresidenteibanez.cl\/web\/wp-json\/wp\/v2\/comments?post=11454"}],"version-history":[{"count":0,"href":"https:\/\/www.radiopresidenteibanez.cl\/web\/wp-json\/wp\/v2\/posts\/11454\/revisions"}],"wp:featuredmedia":[{"embeddable":true,"href":"https:\/\/www.radiopresidenteibanez.cl\/web\/wp-json\/wp\/v2\/media\/11009"}],"wp:attachment":[{"href":"https:\/\/www.radiopresidenteibanez.cl\/web\/wp-json\/wp\/v2\/media?parent=11454"}],"wp:term":[{"taxonomy":"category","embeddable":true,"href":"https:\/\/www.radiopresidenteibanez.cl\/web\/wp-json\/wp\/v2\/categories?post=11454"},{"taxonomy":"post_tag","embeddable":true,"href":"https:\/\/www.radiopresidenteibanez.cl\/web\/wp-json\/wp\/v2\/tags?post=11454"}],"curies":[{"name":"wp","href":"https:\/\/api.w.org\/{rel}","templated":true}]}}