{"id":11449,"date":"2020-04-29T01:40:02","date_gmt":"2020-04-29T01:40:02","guid":{"rendered":"https:\/\/www.radiopresidenteibanez.cl\/web\/?p=11449"},"modified":"2020-04-29T01:40:06","modified_gmt":"2020-04-29T01:40:06","slug":"hombre-de-62-anos-fallecio-a-raiz-del-covid-19-y-se-transforma-en-el-deceso-numero-11-en-magallanes","status":"publish","type":"post","link":"https:\/\/www.radiopresidenteibanez.cl\/web\/hombre-de-62-anos-fallecio-a-raiz-del-covid-19-y-se-transforma-en-el-deceso-numero-11-en-magallanes\/","title":{"rendered":"HOMBRE DE 62 A\u00d1OS FALLECI\u00d3 A RA\u00cdZ DEL COVID-19 Y SE TRANSFORMA EN EL DECESO N\u00daMERO 11 EN MAGALLANES"},"content":{"rendered":"\n<p>En horas de esta noche se notifico el fallecimiento de un hombre de 62 a\u00f1os a ra\u00edz del Covid-19, hasta el momento se desconoce si el afectado ten\u00eda alguna patolog\u00eda, lo cual deber\u00eda ser confirmado por la autoridad sanitaria. <\/p>\n\n\n\n<p>Con este nuevo fallecido Magallanes alcanza un total de 11 decesos.<\/p>\n","protected":false},"excerpt":{"rendered":"<p>En horas de esta noche se notifico el fallecimiento de un hombre de 62 a\u00f1os a ra\u00edz del Covid-19, hasta el momento se desconoce si el afectado ten\u00eda alguna patolog\u00eda,&#8230; <a class=\"read-more\" href=\"https:\/\/www.radiopresidenteibanez.cl\/web\/hombre-de-62-anos-fallecio-a-raiz-del-covid-19-y-se-transforma-en-el-deceso-numero-11-en-magallanes\/\">Leer m\u00e1s<\/a><\/p>\n","protected":false},"author":2,"featured_media":10325,"comment_status":"closed","ping_status":"closed","sticky":false,"template":"","format":"standard","meta":{"footnotes":""},"categories":[1],"tags":[],"class_list":["post-11449","post","type-post","status-publish","format-standard","has-post-thumbnail","hentry","category-cronica"],"_links":{"self":[{"href":"https:\/\/www.radiopresidenteibanez.cl\/web\/wp-json\/wp\/v2\/posts\/11449","targetHints":{"allow":["GET"]}}],"collection":[{"href":"https:\/\/www.radiopresidenteibanez.cl\/web\/wp-json\/wp\/v2\/posts"}],"about":[{"href":"https:\/\/www.radiopresidenteibanez.cl\/web\/wp-json\/wp\/v2\/types\/post"}],"author":[{"embeddable":true,"href":"https:\/\/www.radiopresidenteibanez.cl\/web\/wp-json\/wp\/v2\/users\/2"}],"replies":[{"embeddable":true,"href":"https:\/\/www.radiopresidenteibanez.cl\/web\/wp-json\/wp\/v2\/comments?post=11449"}],"version-history":[{"count":0,"href":"https:\/\/www.radiopresidenteibanez.cl\/web\/wp-json\/wp\/v2\/posts\/11449\/revisions"}],"wp:featuredmedia":[{"embeddable":true,"href":"https:\/\/www.radiopresidenteibanez.cl\/web\/wp-json\/wp\/v2\/media\/10325"}],"wp:attachment":[{"href":"https:\/\/www.radiopresidenteibanez.cl\/web\/wp-json\/wp\/v2\/media?parent=11449"}],"wp:term":[{"taxonomy":"category","embeddable":true,"href":"https:\/\/www.radiopresidenteibanez.cl\/web\/wp-json\/wp\/v2\/categories?post=11449"},{"taxonomy":"post_tag","embeddable":true,"href":"https:\/\/www.radiopresidenteibanez.cl\/web\/wp-json\/wp\/v2\/tags?post=11449"}],"curies":[{"name":"wp","href":"https:\/\/api.w.org\/{rel}","templated":true}]}}