{"id":11442,"date":"2020-04-28T14:26:52","date_gmt":"2020-04-28T14:26:52","guid":{"rendered":"https:\/\/www.radiopresidenteibanez.cl\/web\/?p=11442"},"modified":"2020-04-28T14:27:00","modified_gmt":"2020-04-28T14:27:00","slug":"consejo-regional-del-colegio-medico-de-punta-arenas-muestra-su-preocupacion-por-estado-de-dra-iduya","status":"publish","type":"post","link":"https:\/\/www.radiopresidenteibanez.cl\/web\/consejo-regional-del-colegio-medico-de-punta-arenas-muestra-su-preocupacion-por-estado-de-dra-iduya\/","title":{"rendered":"CONSEJO REGIONAL DEL COLEGI\u00d3 M\u00c9DICO DE PUNTA ARENAS MUESTRA SU PREOCUPACI\u00d3N POR ESTADO DE DRA. IDUYA"},"content":{"rendered":"\n<p>Ante la declaraci\u00f3n p\u00fablica del\nHospital Cl\u00ednico de Magallanes, donde se informa del estado de salud de nuestra\ncolegiada, Mar\u00eda Isabel Iduya Landa, el Consejo Regional Punta Arenas del\nColegio M\u00e9dico de Chile expresa su profunda preocupaci\u00f3n, hace votos por una pronta\nrecuperaci\u00f3n, y extiende su acompa\u00f1amiento y solidaridad a toda la familia. <\/p>\n\n\n\n<p>Destacamos p\u00fablicamente la\ncontribuci\u00f3n de la Dra. Iduya que ha sido fundamental en preparar a nuestro sistema\nhospitalario para soportar, de la mejor manera, las altas tasas de contagio por\ncoronavirus que se han dado en la regi\u00f3n. <\/p>\n\n\n\n<p>Nuestras energ\u00edas se enfocan,\njunto a trabajar por la recuperaci\u00f3n de nuestra querida colega as\u00ed como de los\nnumerosos pacientes hospitalizados, en dar respuesta a esta crisis sanitaria\nque nos pone en riesgo constantemente. Por eso hacemos un llamado ferviente a\nla comunidad magall\u00e1nica a extremar las medidas de prevenci\u00f3n y asumir la\nresponsabilidad en el lavado de manos, uso de mascarilla, distanciamiento\nf\u00edsico y confinamiento de los adultos mayores y poblaci\u00f3n de riesgo.<\/p>\n\n\n\n<p>De nuestro comportamiento\nindividual, depende evitar contagios que puedan significar el colapso de\nnuestro sistema sanitario. <\/p>\n","protected":false},"excerpt":{"rendered":"<p>Ante la declaraci\u00f3n p\u00fablica del Hospital Cl\u00ednico de Magallanes, donde se informa del estado de salud de nuestra colegiada, Mar\u00eda Isabel Iduya Landa, el Consejo Regional Punta Arenas del Colegio&#8230; <a class=\"read-more\" href=\"https:\/\/www.radiopresidenteibanez.cl\/web\/consejo-regional-del-colegio-medico-de-punta-arenas-muestra-su-preocupacion-por-estado-de-dra-iduya\/\">Leer m\u00e1s<\/a><\/p>\n","protected":false},"author":2,"featured_media":57,"comment_status":"closed","ping_status":"closed","sticky":false,"template":"","format":"standard","meta":{"footnotes":""},"categories":[1],"tags":[],"class_list":["post-11442","post","type-post","status-publish","format-standard","has-post-thumbnail","hentry","category-cronica"],"_links":{"self":[{"href":"https:\/\/www.radiopresidenteibanez.cl\/web\/wp-json\/wp\/v2\/posts\/11442","targetHints":{"allow":["GET"]}}],"collection":[{"href":"https:\/\/www.radiopresidenteibanez.cl\/web\/wp-json\/wp\/v2\/posts"}],"about":[{"href":"https:\/\/www.radiopresidenteibanez.cl\/web\/wp-json\/wp\/v2\/types\/post"}],"author":[{"embeddable":true,"href":"https:\/\/www.radiopresidenteibanez.cl\/web\/wp-json\/wp\/v2\/users\/2"}],"replies":[{"embeddable":true,"href":"https:\/\/www.radiopresidenteibanez.cl\/web\/wp-json\/wp\/v2\/comments?post=11442"}],"version-history":[{"count":0,"href":"https:\/\/www.radiopresidenteibanez.cl\/web\/wp-json\/wp\/v2\/posts\/11442\/revisions"}],"wp:featuredmedia":[{"embeddable":true,"href":"https:\/\/www.radiopresidenteibanez.cl\/web\/wp-json\/wp\/v2\/media\/57"}],"wp:attachment":[{"href":"https:\/\/www.radiopresidenteibanez.cl\/web\/wp-json\/wp\/v2\/media?parent=11442"}],"wp:term":[{"taxonomy":"category","embeddable":true,"href":"https:\/\/www.radiopresidenteibanez.cl\/web\/wp-json\/wp\/v2\/categories?post=11442"},{"taxonomy":"post_tag","embeddable":true,"href":"https:\/\/www.radiopresidenteibanez.cl\/web\/wp-json\/wp\/v2\/tags?post=11442"}],"curies":[{"name":"wp","href":"https:\/\/api.w.org\/{rel}","templated":true}]}}