{"id":11440,"date":"2020-04-28T14:01:55","date_gmt":"2020-04-28T14:01:55","guid":{"rendered":"https:\/\/www.radiopresidenteibanez.cl\/web\/?p=11440"},"modified":"2020-04-28T14:02:02","modified_gmt":"2020-04-28T14:02:02","slug":"edelmag-habilita-nuevo-numero-telefonico-gratuito-para-atencion-a-clientes","status":"publish","type":"post","link":"https:\/\/www.radiopresidenteibanez.cl\/web\/edelmag-habilita-nuevo-numero-telefonico-gratuito-para-atencion-a-clientes\/","title":{"rendered":"EDELMAG HABILITA NUEVO N\u00daMERO TELEF\u00d3NICO GRATUITO PARA ATENCI\u00d3N A CLIENTES"},"content":{"rendered":"\n<p>A partir de hoy, EDELMAG pondr\u00e1 a disposici\u00f3n de sus clientes un nuevo\nn\u00famero de atenci\u00f3n en sus plataformas de contacto, el que ser\u00e1 totalmente\ngratuito. <\/p>\n\n\n\n<p>Se trata del 800 800 400 y reemplazar\u00e1 al 600 6200 100, en uso actualmente\npor los m\u00e1s de sesenta y dos mil clientes a los que EDELMAG suministra energ\u00eda\nel\u00e9ctrica en la regi\u00f3n de Magallanes.<\/p>\n\n\n\n<p>Carlos Y\u00e1\u00f1ez, Gerente General de EDELMAG, se\u00f1al\u00f3 que \u201cla implementaci\u00f3n de\neste n\u00famero de atenci\u00f3n gratuito es un anhelo nuestro de largo tiempo, y un\nbeneficio para nuestros clientes. Se trata de una l\u00ednea totalmente gratuita, a\ntrav\u00e9s de la cual se brindar\u00e1 atenci\u00f3n comercial y de emergencia las 24 horas\ndel d\u00eda y los siete d\u00edas de la semana. Este nuevo n\u00famero reemplazar\u00e1, para todo\nefecto, el actual fono de contacto de los clientes\u201d.<\/p>\n\n\n\n<p>Para asegurar que los clientes mantengan una comunicaci\u00f3n permanente y\nfluida con la empresa, durante un mes seguir\u00e1 vigente el n\u00famero de contacto\nanterior, conviviendo con el nuevo n\u00famero gratuito en forma paralela.<\/p>\n\n\n\n<p>\u201cCon esta nueva l\u00ednea un mayor n\u00famero de clientes podr\u00e1 contactarse con\nnosotros, lo que nos permitir\u00e1 entregar un mejor servicio y una mayor capacidad\nde respuesta ante situaciones de emergencias\u201d, se\u00f1al\u00f3 Y\u00e1nez.<\/p>\n\n\n\n<p>La implementaci\u00f3n de esta l\u00ednea gratuita complementar\u00e1 los canales\ndigitales que tiene la empresa actualmente, como su p\u00e1gina web <a href=\"http:\/\/www.edelmag.cl\">www.edelmag.cl<\/a>, donde se pueden realizar la mayor\u00eda de los tr\u00e1mites, desde revisar y pagar\nboletas hasta solicitar convenios, la cuenta de twitter @edelmag_sos y el correo\nelectr\u00f3nico <a href=\"mailto:atenciondeclientes@edelmag.c\">atenciondeclientes@edelmag.c<\/a>l.<\/p>\n","protected":false},"excerpt":{"rendered":"<p>A partir de hoy, EDELMAG pondr\u00e1 a disposici\u00f3n de sus clientes un nuevo n\u00famero de atenci\u00f3n en sus plataformas de contacto, el que ser\u00e1 totalmente gratuito. Se trata del 800&#8230; <a class=\"read-more\" href=\"https:\/\/www.radiopresidenteibanez.cl\/web\/edelmag-habilita-nuevo-numero-telefonico-gratuito-para-atencion-a-clientes\/\">Leer m\u00e1s<\/a><\/p>\n","protected":false},"author":2,"featured_media":714,"comment_status":"closed","ping_status":"closed","sticky":false,"template":"","format":"standard","meta":{"footnotes":""},"categories":[1],"tags":[],"class_list":["post-11440","post","type-post","status-publish","format-standard","has-post-thumbnail","hentry","category-cronica"],"_links":{"self":[{"href":"https:\/\/www.radiopresidenteibanez.cl\/web\/wp-json\/wp\/v2\/posts\/11440","targetHints":{"allow":["GET"]}}],"collection":[{"href":"https:\/\/www.radiopresidenteibanez.cl\/web\/wp-json\/wp\/v2\/posts"}],"about":[{"href":"https:\/\/www.radiopresidenteibanez.cl\/web\/wp-json\/wp\/v2\/types\/post"}],"author":[{"embeddable":true,"href":"https:\/\/www.radiopresidenteibanez.cl\/web\/wp-json\/wp\/v2\/users\/2"}],"replies":[{"embeddable":true,"href":"https:\/\/www.radiopresidenteibanez.cl\/web\/wp-json\/wp\/v2\/comments?post=11440"}],"version-history":[{"count":0,"href":"https:\/\/www.radiopresidenteibanez.cl\/web\/wp-json\/wp\/v2\/posts\/11440\/revisions"}],"wp:featuredmedia":[{"embeddable":true,"href":"https:\/\/www.radiopresidenteibanez.cl\/web\/wp-json\/wp\/v2\/media\/714"}],"wp:attachment":[{"href":"https:\/\/www.radiopresidenteibanez.cl\/web\/wp-json\/wp\/v2\/media?parent=11440"}],"wp:term":[{"taxonomy":"category","embeddable":true,"href":"https:\/\/www.radiopresidenteibanez.cl\/web\/wp-json\/wp\/v2\/categories?post=11440"},{"taxonomy":"post_tag","embeddable":true,"href":"https:\/\/www.radiopresidenteibanez.cl\/web\/wp-json\/wp\/v2\/tags?post=11440"}],"curies":[{"name":"wp","href":"https:\/\/api.w.org\/{rel}","templated":true}]}}