{"id":11433,"date":"2020-04-28T02:23:05","date_gmt":"2020-04-28T02:23:05","guid":{"rendered":"https:\/\/www.radiopresidenteibanez.cl\/web\/?p=11433"},"modified":"2020-04-28T02:23:13","modified_gmt":"2020-04-28T02:23:13","slug":"actual-subdirectora-medica-del-hospital-clinico-de-magallanes-se-encuentra-conectada-a-ventilador-mecanico-a-raiz-del-covid-19","status":"publish","type":"post","link":"https:\/\/www.radiopresidenteibanez.cl\/web\/actual-subdirectora-medica-del-hospital-clinico-de-magallanes-se-encuentra-conectada-a-ventilador-mecanico-a-raiz-del-covid-19\/","title":{"rendered":"ACTUAL SUBDIRECTORA MEDICA DEL HOSPITAL CLINICO DE MAGALLANES SE ENCUENTRA CONECTADA A VENTILADOR MEC\u00c1NICO A RA\u00cdZ DEL COVID-19"},"content":{"rendered":"\n<p>En horas de la noche de este lunes 27 de abril, se confirmo la informaci\u00f3n que se venia comentando hace algunas jornadas de que la ex seremi de salud y actual Subdirectora M\u00e9dica del Hospital Cl\u00ednico de Magallanes, Mar\u00eda Isabel Iduya se encuentra internada en la Unidad de Pacientes Cr\u00edticos conectada a ventilador mec\u00e1nico producto de una neumon\u00eda provocada por Coronavirus Covid-19, y su estado actual es de gravedad con pron\u00f3stico reservado. <\/p>\n\n\n\n<p>La familia y cercanos a la doctora hacen un llamado a todos quieran adherirse a las cadenas de oraci\u00f3n que se est\u00e1n realizando todos los d\u00edas a las 21.00 horas.<\/p>\n\n\n\n<p>El doctor Claudio Barr\u00eda, asumir\u00e1 la subrogancia del cargo, como centro referente para la atenci\u00f3n de esta patolog\u00eda en el contexto de la red integrada Covid-19 desde el Hospital Cl\u00ednico de Magallanes, reiter\u00f3 el compromiso que mantiene por la atenci\u00f3n de la salud y recuperaci\u00f3n de todos los pacientes afectados por el virus.<\/p>\n\n\n\n<p>As\u00ed tambi\u00e9n, el centro m\u00e9dico hace un llamado a las personas a utilizar todos los implementos para la seguridad y evitar la propagaci\u00f3n del Coronavirus Covid-19. <\/p>\n","protected":false},"excerpt":{"rendered":"<p>En horas de la noche de este lunes 27 de abril, se confirmo la informaci\u00f3n que se venia comentando hace algunas jornadas de que la ex seremi de salud y&#8230; <a class=\"read-more\" href=\"https:\/\/www.radiopresidenteibanez.cl\/web\/actual-subdirectora-medica-del-hospital-clinico-de-magallanes-se-encuentra-conectada-a-ventilador-mecanico-a-raiz-del-covid-19\/\">Leer m\u00e1s<\/a><\/p>\n","protected":false},"author":2,"featured_media":585,"comment_status":"closed","ping_status":"closed","sticky":false,"template":"","format":"standard","meta":{"footnotes":""},"categories":[1],"tags":[],"class_list":["post-11433","post","type-post","status-publish","format-standard","has-post-thumbnail","hentry","category-cronica"],"_links":{"self":[{"href":"https:\/\/www.radiopresidenteibanez.cl\/web\/wp-json\/wp\/v2\/posts\/11433","targetHints":{"allow":["GET"]}}],"collection":[{"href":"https:\/\/www.radiopresidenteibanez.cl\/web\/wp-json\/wp\/v2\/posts"}],"about":[{"href":"https:\/\/www.radiopresidenteibanez.cl\/web\/wp-json\/wp\/v2\/types\/post"}],"author":[{"embeddable":true,"href":"https:\/\/www.radiopresidenteibanez.cl\/web\/wp-json\/wp\/v2\/users\/2"}],"replies":[{"embeddable":true,"href":"https:\/\/www.radiopresidenteibanez.cl\/web\/wp-json\/wp\/v2\/comments?post=11433"}],"version-history":[{"count":0,"href":"https:\/\/www.radiopresidenteibanez.cl\/web\/wp-json\/wp\/v2\/posts\/11433\/revisions"}],"wp:featuredmedia":[{"embeddable":true,"href":"https:\/\/www.radiopresidenteibanez.cl\/web\/wp-json\/wp\/v2\/media\/585"}],"wp:attachment":[{"href":"https:\/\/www.radiopresidenteibanez.cl\/web\/wp-json\/wp\/v2\/media?parent=11433"}],"wp:term":[{"taxonomy":"category","embeddable":true,"href":"https:\/\/www.radiopresidenteibanez.cl\/web\/wp-json\/wp\/v2\/categories?post=11433"},{"taxonomy":"post_tag","embeddable":true,"href":"https:\/\/www.radiopresidenteibanez.cl\/web\/wp-json\/wp\/v2\/tags?post=11433"}],"curies":[{"name":"wp","href":"https:\/\/api.w.org\/{rel}","templated":true}]}}