{"id":11429,"date":"2020-04-27T21:09:45","date_gmt":"2020-04-27T21:09:45","guid":{"rendered":"https:\/\/www.radiopresidenteibanez.cl\/web\/?p=11429"},"modified":"2020-04-27T21:09:53","modified_gmt":"2020-04-27T21:09:53","slug":"municipalidad-de-natales-denuncia-filtracion-de-lista-con-casos-confirmados-y-sospechosos-por-covid-19","status":"publish","type":"post","link":"https:\/\/www.radiopresidenteibanez.cl\/web\/municipalidad-de-natales-denuncia-filtracion-de-lista-con-casos-confirmados-y-sospechosos-por-covid-19\/","title":{"rendered":"MUNICIPALIDAD DE NATALES DENUNCIA FILTRACI\u00d3N DE LISTA CON CASOS CONFIRMADOS Y SOSPECHOSOS POR COVID-19"},"content":{"rendered":"\n<p>Tras la\npublicaci\u00f3n y difusi\u00f3n en redes sociales de un listado con nombres, direcci\u00f3n,\ntel\u00e9fono, calidad de contagiados y diversos datos personales, el municipio de\nNatales, present\u00f3 una denuncia ante la fiscal\u00eda para iniciar una investigaci\u00f3n\ncriminal y determinar la responsabilidad penal de los implicados.<\/p>\n\n\n\n<p>Adem\u00e1s, la\nlista filtrada conten\u00eda los nombres de los ciudadanos sospechosos de contagio y\nde las personas que estuvieron en contacto con individuos infectados. <\/p>\n\n\n\n<p>El alcalde de\nNatales, calific\u00f3 este hecho como lamentable y apoy\u00f3 a las instituciones\ngubernamentales que denunciaron esta situaci\u00f3n. \u201cQuiero manifestar que lo hecho\npor la gobernaci\u00f3n provincial de \u00daltima Esperanza y por la Seremi de Salud\ndenunciando este tipo de hechos, lo compartimos plenamente\u201d, sostuvo Fernando\nParedes.<\/p>\n\n\n\n<p>El edil realiz\u00f3\nun llamado a la fiscal\u00eda para que esta situaci\u00f3n tenga una sanci\u00f3n\nejemplificadora. Asimismo, agreg\u00f3 que \u201cme gustar\u00eda hacer un llamado a toda la\ncomunidad natalina a que extrememos los esfuerzos, esta pandemia y esta\nemergencia sanitaria la vamos a tener por varias semanas m\u00e1s, y lo que no puede\npasar es que tan livianamente estos datos salgan a la luz p\u00fablica\u201d.<\/p>\n\n\n\n<p>En la acci\u00f3n,\nel municipio present\u00f3 cuatro delitos tipificados que se podr\u00edan encuadrar\nfrente a esta situaci\u00f3n: violaci\u00f3n de secreto y delito inform\u00e1tico, delito\ncontra el respeto y la protecci\u00f3n a la vida privada y su familia, delito de\nrevelaci\u00f3n de secretos p\u00fablicos, y finalmente delito de violaci\u00f3n del secreto\nprofesional.<\/p>\n","protected":false},"excerpt":{"rendered":"<p>Tras la publicaci\u00f3n y difusi\u00f3n en redes sociales de un listado con nombres, direcci\u00f3n, tel\u00e9fono, calidad de contagiados y diversos datos personales, el municipio de Natales, present\u00f3 una denuncia ante&#8230; <a class=\"read-more\" href=\"https:\/\/www.radiopresidenteibanez.cl\/web\/municipalidad-de-natales-denuncia-filtracion-de-lista-con-casos-confirmados-y-sospechosos-por-covid-19\/\">Leer m\u00e1s<\/a><\/p>\n","protected":false},"author":2,"featured_media":7844,"comment_status":"closed","ping_status":"closed","sticky":false,"template":"","format":"standard","meta":{"footnotes":""},"categories":[1],"tags":[],"class_list":["post-11429","post","type-post","status-publish","format-standard","has-post-thumbnail","hentry","category-cronica"],"_links":{"self":[{"href":"https:\/\/www.radiopresidenteibanez.cl\/web\/wp-json\/wp\/v2\/posts\/11429","targetHints":{"allow":["GET"]}}],"collection":[{"href":"https:\/\/www.radiopresidenteibanez.cl\/web\/wp-json\/wp\/v2\/posts"}],"about":[{"href":"https:\/\/www.radiopresidenteibanez.cl\/web\/wp-json\/wp\/v2\/types\/post"}],"author":[{"embeddable":true,"href":"https:\/\/www.radiopresidenteibanez.cl\/web\/wp-json\/wp\/v2\/users\/2"}],"replies":[{"embeddable":true,"href":"https:\/\/www.radiopresidenteibanez.cl\/web\/wp-json\/wp\/v2\/comments?post=11429"}],"version-history":[{"count":0,"href":"https:\/\/www.radiopresidenteibanez.cl\/web\/wp-json\/wp\/v2\/posts\/11429\/revisions"}],"wp:featuredmedia":[{"embeddable":true,"href":"https:\/\/www.radiopresidenteibanez.cl\/web\/wp-json\/wp\/v2\/media\/7844"}],"wp:attachment":[{"href":"https:\/\/www.radiopresidenteibanez.cl\/web\/wp-json\/wp\/v2\/media?parent=11429"}],"wp:term":[{"taxonomy":"category","embeddable":true,"href":"https:\/\/www.radiopresidenteibanez.cl\/web\/wp-json\/wp\/v2\/categories?post=11429"},{"taxonomy":"post_tag","embeddable":true,"href":"https:\/\/www.radiopresidenteibanez.cl\/web\/wp-json\/wp\/v2\/tags?post=11429"}],"curies":[{"name":"wp","href":"https:\/\/api.w.org\/{rel}","templated":true}]}}