{"id":11427,"date":"2020-04-27T20:52:04","date_gmt":"2020-04-27T20:52:04","guid":{"rendered":"https:\/\/www.radiopresidenteibanez.cl\/web\/?p=11427"},"modified":"2020-04-27T20:52:10","modified_gmt":"2020-04-27T20:52:10","slug":"conforman-mesa-regional-de-trabajo-para-personas-vulnerables-covid-19-en-la-region-de-magallanes","status":"publish","type":"post","link":"https:\/\/www.radiopresidenteibanez.cl\/web\/conforman-mesa-regional-de-trabajo-para-personas-vulnerables-covid-19-en-la-region-de-magallanes\/","title":{"rendered":"CONFORMAN MESA REGIONAL DE TRABAJO PARA PERSONAS VULNERABLES COVID \u2013 19 EN LA REGI\u00d3N DE MAGALLANES"},"content":{"rendered":"\n<p>La instancia fue\nconvocada por la Seremi de Desarrollo Social y\nFamilia, Liz Casanueva, y estar\u00e1 integrada por representantes del sector\np\u00fablico y privado, las Fuerzas Armadas, as\u00ed como por organizaciones de la\nsociedad civil y el mundo acad\u00e9mico. <\/p>\n\n\n\n<p>En su\nprimera sesi\u00f3n, se presentaron a sus integrantes y se explic\u00f3 el objetivo de la\ninstancia, que consistir\u00e1 en una coordinaci\u00f3n regional e intersectorial, a fin de compartir diagn\u00f3sticos,\nlevantar necesidades, generar alertas y&nbsp; medidas que permitan implementar\nsoluciones para proteger la vida y salud de los grupos m\u00e1s vulnerables, es\ndecir, &nbsp;personas mayores, personas con discapacidad y personas en\nsituaci\u00f3n de calle. De igual forma, en la primera sesi\u00f3n, cada instituci\u00f3n\nentreg\u00f3 un resumen de las medidas o acciones ya implementadas y aquellas a\u00fan\npendientes.&nbsp; Asimismo, presentaron los\nproblemas o carencias detectados, a fin de que sean abordados con prioridad.<\/p>\n\n\n\n<p>La\nseremi de Desarrollo Social y Familia, Liz Casanueva, agradeci\u00f3 a cada uno de\nlos integrantes por su participaci\u00f3n en esta instancia.&nbsp; \u201cSabemos que cada uno de ustedes ya se\nencuentra trabajando por los grupos m\u00e1s vulnerables en cada uno de sus \u00e1reas de\ntrabajo, especialmente los adultos mayores, las personas en situaci\u00f3n de calle\ny en situaci\u00f3n de discapacidad, pero estamos seguros que si entre todos sumamos\nesfuerzos, voluntades e informaci\u00f3n, podremos salir mucho antes de esta\npandemia y disminuir las consecuencias para estas personas que tanto lo\nnecesitan\u201d.<\/p>\n\n\n\n<p>Entre\nlos compromisos establecidos en su primera sesi\u00f3n, se acord\u00f3 que la Mesa de\nTrabajo se reunir\u00e1 semanalmente los d\u00edas martes, durante tres semanas.\nAsimismo, se indic\u00f3 que se articular\u00e1n otras instancias de trabajo regionales,\npara lo cual se informar\u00e1 los avances en la pr\u00f3xima reuni\u00f3n. <\/p>\n","protected":false},"excerpt":{"rendered":"<p>La instancia fue convocada por la Seremi de Desarrollo Social y Familia, Liz Casanueva, y estar\u00e1 integrada por representantes del sector p\u00fablico y privado, las Fuerzas Armadas, as\u00ed como por&#8230; <a class=\"read-more\" href=\"https:\/\/www.radiopresidenteibanez.cl\/web\/conforman-mesa-regional-de-trabajo-para-personas-vulnerables-covid-19-en-la-region-de-magallanes\/\">Leer m\u00e1s<\/a><\/p>\n","protected":false},"author":2,"featured_media":740,"comment_status":"closed","ping_status":"closed","sticky":false,"template":"","format":"standard","meta":{"footnotes":""},"categories":[1],"tags":[],"class_list":["post-11427","post","type-post","status-publish","format-standard","has-post-thumbnail","hentry","category-cronica"],"_links":{"self":[{"href":"https:\/\/www.radiopresidenteibanez.cl\/web\/wp-json\/wp\/v2\/posts\/11427","targetHints":{"allow":["GET"]}}],"collection":[{"href":"https:\/\/www.radiopresidenteibanez.cl\/web\/wp-json\/wp\/v2\/posts"}],"about":[{"href":"https:\/\/www.radiopresidenteibanez.cl\/web\/wp-json\/wp\/v2\/types\/post"}],"author":[{"embeddable":true,"href":"https:\/\/www.radiopresidenteibanez.cl\/web\/wp-json\/wp\/v2\/users\/2"}],"replies":[{"embeddable":true,"href":"https:\/\/www.radiopresidenteibanez.cl\/web\/wp-json\/wp\/v2\/comments?post=11427"}],"version-history":[{"count":0,"href":"https:\/\/www.radiopresidenteibanez.cl\/web\/wp-json\/wp\/v2\/posts\/11427\/revisions"}],"wp:featuredmedia":[{"embeddable":true,"href":"https:\/\/www.radiopresidenteibanez.cl\/web\/wp-json\/wp\/v2\/media\/740"}],"wp:attachment":[{"href":"https:\/\/www.radiopresidenteibanez.cl\/web\/wp-json\/wp\/v2\/media?parent=11427"}],"wp:term":[{"taxonomy":"category","embeddable":true,"href":"https:\/\/www.radiopresidenteibanez.cl\/web\/wp-json\/wp\/v2\/categories?post=11427"},{"taxonomy":"post_tag","embeddable":true,"href":"https:\/\/www.radiopresidenteibanez.cl\/web\/wp-json\/wp\/v2\/tags?post=11427"}],"curies":[{"name":"wp","href":"https:\/\/api.w.org\/{rel}","templated":true}]}}