{"id":11422,"date":"2020-04-27T20:45:15","date_gmt":"2020-04-27T20:45:15","guid":{"rendered":"https:\/\/www.radiopresidenteibanez.cl\/web\/?p=11422"},"modified":"2020-04-27T20:45:23","modified_gmt":"2020-04-27T20:45:23","slug":"este-jueves-inician-pagos-de-trabajadores-acogidos-a-ley-de-proteccion-del-empleo","status":"publish","type":"post","link":"https:\/\/www.radiopresidenteibanez.cl\/web\/este-jueves-inician-pagos-de-trabajadores-acogidos-a-ley-de-proteccion-del-empleo\/","title":{"rendered":"ESTE JUEVES INICIAN PAGOS DE TRABAJADORES ACOGIDOS A LEY DE PROTECCI\u00d3N DEL EMPLEO"},"content":{"rendered":"\n<p>Tal y como hab\u00eda sido informado por la autoridad del\ntrabajo en la regi\u00f3n, esta semana se concretar\u00e1 la primera fecha de pago de los\nbeneficios de la ley de Protecci\u00f3n del Empleo, de acuerdo al calendario\ninformado por la Administradora del Fondo de Cesant\u00eda (AFC).<\/p>\n\n\n\n<p>Seg\u00fan ello, el 8 de abril pasado se dio inicio al\nproceso con la recepci\u00f3n de los datos de los empleadores v\u00eda web, tras lo cual\nel 15 de abril se abri\u00f3 la fase de ingreso de la solicitud con la n\u00f3mina de los\ntrabajadores que tendr\u00edan suspensi\u00f3n de contrato, tras lo cual se informar\u00eda la\naprobaci\u00f3n de los requisitos, fechas de pago y montos a pagar de acuerdo a cada\ncaso.<\/p>\n\n\n\n<p>Posteriormente, se dar\u00eda inicio a los primeros pagos\ndispuestos por esta ley para la protecci\u00f3n de los trabajadores, seg\u00fan inform\u00f3\nla Seremi del Trabajo, Victoria Cort\u00e9s Schiattino. <\/p>\n\n\n\n<p>\u201cEfectivamente, este jueves 30 de abril se inicia el\npago a los trabajadores que se hayan acogido a la ley de protecci\u00f3n del empleo\na trav\u00e9s de la suspensi\u00f3n de contrato y que su empleador haya hecho ingreso de\nla solicitud hasta el 23 de abril pasado, cumpli\u00e9ndose as\u00ed la primera fecha de\npago de acuerdo al calendario entregado por la AFC\u201d, expuso la secretaria\nregional.<\/p>\n\n\n\n<p>\u201cEn tanto, la segunda fecha de pago ser\u00e1 a partir del\n7 de mayo pr\u00f3ximo para aquellas solicitudes que se ingresen hasta el 30 de\nabril recordando que lo que busca esta normativa es asegurar parte importante\nde los puestos de trabajo y las remuneraciones de los trabajadores mientras\ndure esta crisis, manteniendo, asimismo, sus derechos laborales\u201d, agreg\u00f3\nCort\u00e9s.<\/p>\n\n\n\n<p>La autoridad\nrecalc\u00f3 que la AFC es una entidad privada, sometida a fiscalizaci\u00f3n a la que\ndesde la Superintendencia de Pensiones se le ha solicitado proveer un sistema\ndigital fluido y amigable para la realizaci\u00f3n de estos tr\u00e1mites y preguntas. <\/p>\n\n\n\n<p>En caso de\nconsultas se puede llamar al call center 800 800 232 y desde celulares al\n225735060 y en caso de dudas sobre la normativa, el llamado es ingresar al\nsitio www.protecciondelempleo.cl.<\/p>\n","protected":false},"excerpt":{"rendered":"<p>Tal y como hab\u00eda sido informado por la autoridad del trabajo en la regi\u00f3n, esta semana se concretar\u00e1 la primera fecha de pago de los beneficios de la ley de&#8230; <a class=\"read-more\" href=\"https:\/\/www.radiopresidenteibanez.cl\/web\/este-jueves-inician-pagos-de-trabajadores-acogidos-a-ley-de-proteccion-del-empleo\/\">Leer m\u00e1s<\/a><\/p>\n","protected":false},"author":2,"featured_media":11423,"comment_status":"closed","ping_status":"closed","sticky":false,"template":"","format":"standard","meta":{"footnotes":""},"categories":[1],"tags":[],"class_list":["post-11422","post","type-post","status-publish","format-standard","has-post-thumbnail","hentry","category-cronica"],"_links":{"self":[{"href":"https:\/\/www.radiopresidenteibanez.cl\/web\/wp-json\/wp\/v2\/posts\/11422","targetHints":{"allow":["GET"]}}],"collection":[{"href":"https:\/\/www.radiopresidenteibanez.cl\/web\/wp-json\/wp\/v2\/posts"}],"about":[{"href":"https:\/\/www.radiopresidenteibanez.cl\/web\/wp-json\/wp\/v2\/types\/post"}],"author":[{"embeddable":true,"href":"https:\/\/www.radiopresidenteibanez.cl\/web\/wp-json\/wp\/v2\/users\/2"}],"replies":[{"embeddable":true,"href":"https:\/\/www.radiopresidenteibanez.cl\/web\/wp-json\/wp\/v2\/comments?post=11422"}],"version-history":[{"count":0,"href":"https:\/\/www.radiopresidenteibanez.cl\/web\/wp-json\/wp\/v2\/posts\/11422\/revisions"}],"wp:featuredmedia":[{"embeddable":true,"href":"https:\/\/www.radiopresidenteibanez.cl\/web\/wp-json\/wp\/v2\/media\/11423"}],"wp:attachment":[{"href":"https:\/\/www.radiopresidenteibanez.cl\/web\/wp-json\/wp\/v2\/media?parent=11422"}],"wp:term":[{"taxonomy":"category","embeddable":true,"href":"https:\/\/www.radiopresidenteibanez.cl\/web\/wp-json\/wp\/v2\/categories?post=11422"},{"taxonomy":"post_tag","embeddable":true,"href":"https:\/\/www.radiopresidenteibanez.cl\/web\/wp-json\/wp\/v2\/tags?post=11422"}],"curies":[{"name":"wp","href":"https:\/\/api.w.org\/{rel}","templated":true}]}}