{"id":11419,"date":"2020-04-27T20:32:40","date_gmt":"2020-04-27T20:32:40","guid":{"rendered":"https:\/\/www.radiopresidenteibanez.cl\/web\/?p=11419"},"modified":"2020-04-27T21:26:53","modified_gmt":"2020-04-27T21:26:53","slug":"interno-de-la-carcel-de-punta-arenas-debio-ser-trasladado-al-hospital-clinico-por-sintomas-asociados-a-covid-19","status":"publish","type":"post","link":"https:\/\/www.radiopresidenteibanez.cl\/web\/interno-de-la-carcel-de-punta-arenas-debio-ser-trasladado-al-hospital-clinico-por-sintomas-asociados-a-covid-19\/","title":{"rendered":"INTERNO DE LA C\u00c1RCEL DE PUNTA ARENAS DEBI\u00d3 SER TRASLADADO AL HOSPITAL CL\u00cdNICO POR S\u00cdNTOMAS ASOCIADOS A COVID-19"},"content":{"rendered":"\n<p>Personal del Servicio de Atenci\u00f3n M\u00e9dica de Urgencias (SAMU),\nse debi\u00f3 trasladar hasta las dependencias de la c\u00e1rcel de Punta Arenas, lo\nanterior debido a que un reo manten\u00eda s\u00edntomas asociados a coronavirus\ncovid-19, por lo que debi\u00f3 ser trasladado hasta las dependencias del Hospital\nCl\u00ednico de Magallanes, para realizarse el examen de Reacci\u00f3n en Cadena de la Polimerasa (PCR).<\/p>\n\n\n\n<p>Cabe mencionar, que el\nimputado hab\u00eda ingresado el pasado fin de semana al recinto penal por el delito\nde drogas, momento en el que quedo en enfermer\u00eda en aislamiento.<\/p>\n\n\n\n<p>Minutos m\u00e1s tarde el reo fue devuelto al recinto hosptalario en buenas condiciones y solo con s\u00edntomas de crisis de angustias, as\u00ed fue notificado a trav\u00e9s del parte m\u00e9dico del Hospital Cl\u00ednico de Magallanes.<\/p>\n\n\n\n<p><\/p>\n\n\n\n<p>CHH.<\/p>\n","protected":false},"excerpt":{"rendered":"<p>Personal del Servicio de Atenci\u00f3n M\u00e9dica de Urgencias (SAMU), se debi\u00f3 trasladar hasta las dependencias de la c\u00e1rcel de Punta Arenas, lo anterior debido a que un reo manten\u00eda s\u00edntomas&#8230; <a class=\"read-more\" href=\"https:\/\/www.radiopresidenteibanez.cl\/web\/interno-de-la-carcel-de-punta-arenas-debio-ser-trasladado-al-hospital-clinico-por-sintomas-asociados-a-covid-19\/\">Leer m\u00e1s<\/a><\/p>\n","protected":false},"author":2,"featured_media":11420,"comment_status":"closed","ping_status":"closed","sticky":false,"template":"","format":"standard","meta":{"footnotes":""},"categories":[1],"tags":[],"class_list":["post-11419","post","type-post","status-publish","format-standard","has-post-thumbnail","hentry","category-cronica"],"_links":{"self":[{"href":"https:\/\/www.radiopresidenteibanez.cl\/web\/wp-json\/wp\/v2\/posts\/11419","targetHints":{"allow":["GET"]}}],"collection":[{"href":"https:\/\/www.radiopresidenteibanez.cl\/web\/wp-json\/wp\/v2\/posts"}],"about":[{"href":"https:\/\/www.radiopresidenteibanez.cl\/web\/wp-json\/wp\/v2\/types\/post"}],"author":[{"embeddable":true,"href":"https:\/\/www.radiopresidenteibanez.cl\/web\/wp-json\/wp\/v2\/users\/2"}],"replies":[{"embeddable":true,"href":"https:\/\/www.radiopresidenteibanez.cl\/web\/wp-json\/wp\/v2\/comments?post=11419"}],"version-history":[{"count":0,"href":"https:\/\/www.radiopresidenteibanez.cl\/web\/wp-json\/wp\/v2\/posts\/11419\/revisions"}],"wp:featuredmedia":[{"embeddable":true,"href":"https:\/\/www.radiopresidenteibanez.cl\/web\/wp-json\/wp\/v2\/media\/11420"}],"wp:attachment":[{"href":"https:\/\/www.radiopresidenteibanez.cl\/web\/wp-json\/wp\/v2\/media?parent=11419"}],"wp:term":[{"taxonomy":"category","embeddable":true,"href":"https:\/\/www.radiopresidenteibanez.cl\/web\/wp-json\/wp\/v2\/categories?post=11419"},{"taxonomy":"post_tag","embeddable":true,"href":"https:\/\/www.radiopresidenteibanez.cl\/web\/wp-json\/wp\/v2\/tags?post=11419"}],"curies":[{"name":"wp","href":"https:\/\/api.w.org\/{rel}","templated":true}]}}