{"id":11408,"date":"2020-04-27T13:12:02","date_gmt":"2020-04-27T13:12:02","guid":{"rendered":"https:\/\/www.radiopresidenteibanez.cl\/web\/?p=11408"},"modified":"2020-04-27T13:12:11","modified_gmt":"2020-04-27T13:12:11","slug":"maravillosa-union-entre-bomberos-y-municipio-permitira-desinfectar-todas-las-calles-y-veredas-de-porvenir","status":"publish","type":"post","link":"https:\/\/www.radiopresidenteibanez.cl\/web\/maravillosa-union-entre-bomberos-y-municipio-permitira-desinfectar-todas-las-calles-y-veredas-de-porvenir\/","title":{"rendered":"MARAVILLOSA UNI\u00d3N ENTRE BOMBEROS Y MUNICIPIO PERMITIR\u00c1 DESINFECTAR TODAS LAS CALLES Y VEREDAS DE PORVENIR"},"content":{"rendered":"\n<p>Voluntarios del cuerpo de bomberos de Porvenir comenzaron el\ntrabajo donde se desinfectar\u00e1 cada una de las calles y veredas del radio urbano\nde la comuna.<\/p>\n\n\n\n<p>La medida entre la Municipalidad de Porvenir y la primera\ncompa\u00f1\u00eda de bomberos, se planific\u00f3 para brindar acciones preventivas y\nreactivas en la situaci\u00f3n de coronavirus a nivel local.<\/p>\n\n\n\n<p>El municipio fueguino, hizo entrega de 440 litros de (amonio\ncuaternario) para ser esparrcido en la capital de Tierra del Fuego, se pretende\ncubrir la totalidad de las calles de la ciudad en un tiempo de 10 d\u00edas.<\/p>\n\n\n\n<p>\u201cPrimero que todo agradecer al cuerpo de bomberos de Porvenir,\nporque gracias a su colaboraci\u00f3n, su sentido de solidaridad y ese compromiso\nsocial con la comunidad, ha permitido que realicemos una especie de convenio de\ncolaboraci\u00f3n entre el municipio y la entidad bomberil\u201d coment\u00f3 la alcaldesa\nMarisol Andrade C\u00e1rdenas.<\/p>\n\n\n\n<p>La jefa comunal, agreg\u00f3 que \u201cnosotros le entregamos el qu\u00edmico,\nel agua y ellos colocan a disposici\u00f3n toda la mano de obra en el recorrido por\ndiversas calles de Porvenir, ahora comenzamos un proceso que va a ser\npermanente en el tiempo el cual comenz\u00f3 el d\u00eda domingo en la poblaci\u00f3n Lomas\ndel Baquedano, poblaci\u00f3n Jhon Williams y continuar\u00e1 todos los d\u00edas en las\ndiferentes calles y veredas de la comuna, este trabajo tiene el claro objetivo\nde sanitizar los diferentes sectores de Porvenir.<\/p>\n\n\n\n<p>Agreg\u00f3 la autoridad edilicia, que la soluci\u00f3n desinfectante no\nes da\u00f1ina para las personas ni el medio ambiente, pero recomend\u00f3 a la comunidad\nno exponerse a \u00e9sta mientras sea distribuida.<\/p>\n","protected":false},"excerpt":{"rendered":"<p>Voluntarios del cuerpo de bomberos de Porvenir comenzaron el trabajo donde se desinfectar\u00e1 cada una de las calles y veredas del radio urbano de la comuna. La medida entre la&#8230; <a class=\"read-more\" href=\"https:\/\/www.radiopresidenteibanez.cl\/web\/maravillosa-union-entre-bomberos-y-municipio-permitira-desinfectar-todas-las-calles-y-veredas-de-porvenir\/\">Leer m\u00e1s<\/a><\/p>\n","protected":false},"author":2,"featured_media":11409,"comment_status":"closed","ping_status":"closed","sticky":false,"template":"","format":"standard","meta":{"footnotes":""},"categories":[1],"tags":[],"class_list":["post-11408","post","type-post","status-publish","format-standard","has-post-thumbnail","hentry","category-cronica"],"_links":{"self":[{"href":"https:\/\/www.radiopresidenteibanez.cl\/web\/wp-json\/wp\/v2\/posts\/11408","targetHints":{"allow":["GET"]}}],"collection":[{"href":"https:\/\/www.radiopresidenteibanez.cl\/web\/wp-json\/wp\/v2\/posts"}],"about":[{"href":"https:\/\/www.radiopresidenteibanez.cl\/web\/wp-json\/wp\/v2\/types\/post"}],"author":[{"embeddable":true,"href":"https:\/\/www.radiopresidenteibanez.cl\/web\/wp-json\/wp\/v2\/users\/2"}],"replies":[{"embeddable":true,"href":"https:\/\/www.radiopresidenteibanez.cl\/web\/wp-json\/wp\/v2\/comments?post=11408"}],"version-history":[{"count":0,"href":"https:\/\/www.radiopresidenteibanez.cl\/web\/wp-json\/wp\/v2\/posts\/11408\/revisions"}],"wp:featuredmedia":[{"embeddable":true,"href":"https:\/\/www.radiopresidenteibanez.cl\/web\/wp-json\/wp\/v2\/media\/11409"}],"wp:attachment":[{"href":"https:\/\/www.radiopresidenteibanez.cl\/web\/wp-json\/wp\/v2\/media?parent=11408"}],"wp:term":[{"taxonomy":"category","embeddable":true,"href":"https:\/\/www.radiopresidenteibanez.cl\/web\/wp-json\/wp\/v2\/categories?post=11408"},{"taxonomy":"post_tag","embeddable":true,"href":"https:\/\/www.radiopresidenteibanez.cl\/web\/wp-json\/wp\/v2\/tags?post=11408"}],"curies":[{"name":"wp","href":"https:\/\/api.w.org\/{rel}","templated":true}]}}