{"id":11406,"date":"2020-04-27T13:08:47","date_gmt":"2020-04-27T13:08:47","guid":{"rendered":"https:\/\/www.radiopresidenteibanez.cl\/web\/?p=11406"},"modified":"2020-04-27T13:09:19","modified_gmt":"2020-04-27T13:09:19","slug":"una-nueva-fallecida-en-magallanes-deja-el-covid-19","status":"publish","type":"post","link":"https:\/\/www.radiopresidenteibanez.cl\/web\/una-nueva-fallecida-en-magallanes-deja-el-covid-19\/","title":{"rendered":"UNA NUEVA FALLECIDA EN MAGALLANES DEJA EL COVID-19"},"content":{"rendered":"\n<p>En horas de la tarde de ayer, una vecina de 83 a\u00f1os de Punta\nArenas, falleci\u00f3 producto al covid-19 en dependencias del Hospital Cl\u00ednico de\nMagallanes, la adulta mayor tambi\u00e9n ten\u00eda patolog\u00edas de arrastre lo cual deton\u00f3\nsu fallecimiento.<\/p>\n\n\n\n<p>As\u00ed tambi\u00e9n, se inform\u00f3 el trasladado de dos pacientes desde\nMagallanes hasta la capital de nuestro pa\u00eds, donde ser\u00e1n tratados debido a su\ngravedad.<\/p>\n","protected":false},"excerpt":{"rendered":"<p>En horas de la tarde de ayer, una vecina de 83 a\u00f1os de Punta Arenas, falleci\u00f3 producto al covid-19 en dependencias del Hospital Cl\u00ednico de Magallanes, la adulta mayor tambi\u00e9n&#8230; <a class=\"read-more\" href=\"https:\/\/www.radiopresidenteibanez.cl\/web\/una-nueva-fallecida-en-magallanes-deja-el-covid-19\/\">Leer m\u00e1s<\/a><\/p>\n","protected":false},"author":2,"featured_media":10325,"comment_status":"closed","ping_status":"closed","sticky":false,"template":"","format":"standard","meta":{"footnotes":""},"categories":[1],"tags":[],"class_list":["post-11406","post","type-post","status-publish","format-standard","has-post-thumbnail","hentry","category-cronica"],"_links":{"self":[{"href":"https:\/\/www.radiopresidenteibanez.cl\/web\/wp-json\/wp\/v2\/posts\/11406","targetHints":{"allow":["GET"]}}],"collection":[{"href":"https:\/\/www.radiopresidenteibanez.cl\/web\/wp-json\/wp\/v2\/posts"}],"about":[{"href":"https:\/\/www.radiopresidenteibanez.cl\/web\/wp-json\/wp\/v2\/types\/post"}],"author":[{"embeddable":true,"href":"https:\/\/www.radiopresidenteibanez.cl\/web\/wp-json\/wp\/v2\/users\/2"}],"replies":[{"embeddable":true,"href":"https:\/\/www.radiopresidenteibanez.cl\/web\/wp-json\/wp\/v2\/comments?post=11406"}],"version-history":[{"count":0,"href":"https:\/\/www.radiopresidenteibanez.cl\/web\/wp-json\/wp\/v2\/posts\/11406\/revisions"}],"wp:featuredmedia":[{"embeddable":true,"href":"https:\/\/www.radiopresidenteibanez.cl\/web\/wp-json\/wp\/v2\/media\/10325"}],"wp:attachment":[{"href":"https:\/\/www.radiopresidenteibanez.cl\/web\/wp-json\/wp\/v2\/media?parent=11406"}],"wp:term":[{"taxonomy":"category","embeddable":true,"href":"https:\/\/www.radiopresidenteibanez.cl\/web\/wp-json\/wp\/v2\/categories?post=11406"},{"taxonomy":"post_tag","embeddable":true,"href":"https:\/\/www.radiopresidenteibanez.cl\/web\/wp-json\/wp\/v2\/tags?post=11406"}],"curies":[{"name":"wp","href":"https:\/\/api.w.org\/{rel}","templated":true}]}}