{"id":11404,"date":"2020-04-27T12:59:49","date_gmt":"2020-04-27T12:59:49","guid":{"rendered":"https:\/\/www.radiopresidenteibanez.cl\/web\/?p=11404"},"modified":"2020-04-27T12:59:58","modified_gmt":"2020-04-27T12:59:58","slug":"a-cien-anos-de-la-gripe-espanola-por-ernesto-sepulveda","status":"publish","type":"post","link":"https:\/\/www.radiopresidenteibanez.cl\/web\/a-cien-anos-de-la-gripe-espanola-por-ernesto-sepulveda\/","title":{"rendered":"A CIEN A\u00d1OS DE LA GRIPE ESPA\u00d1OLA por ERNESTO SEPULVEDA"},"content":{"rendered":"\n<p>En 1918 se extendi\u00f3 de forma acelerada y agresiva,\npor todo el mundo,&nbsp; una pandemia de\ngripe, causada por un brote del virus de influenza A, subtipo H1N1. Fue\ndenominada \u201cGripe espa\u00f1ola\u201d, porque fue en Espa\u00f1a donde se dio mayor difusi\u00f3n\nen los diarios y la radio, a los estragos que causaba. Espa\u00f1a permaneci\u00f3\nneutral durante la I Guerra Mundial, que estaba en curso. De all\u00ed que pod\u00edan\npublicar lo que estaba sucediendo, sin ser objeto de la censura de los mandos\nmilitares. Se ha ubicado al paciente cero de esta gripe, en Estados Unidos, en\nabril de 1918, aunque se hab\u00eda tenido reportes de al menos 14 campamentos\nmilitares&nbsp; afectados ya en 1917.<\/p>\n\n\n\n<p>Este virus a diferencia de otras epidemias de gripe,\nque afectaba principalmente a ancianos y a ni\u00f1os, afect\u00f3 tambi\u00e9n a j\u00f3venes y\nadultos saludables. Tambi\u00e9n a animales, como perros y gatos.<\/p>\n\n\n\n<p>La epidemia de gripe de 1918, es considerada la\nepidemia m\u00e1s devastadora de la historia, ya que en s\u00f3lo un a\u00f1o extermin\u00f3 una\ncifra que se sit\u00faa entre 20 y 40 millones de personas.<\/p>\n\n\n\n<p>Para 1918 no exist\u00edan vacunas para la gripe, se\nreporta que los primero estudios se habr\u00edan iniciado en 1931, y no se dispuso\nde vacunas inactivas aprobadas para la gripe, sino hasta la Segunda Guerra\nMundial. La pandemia se enfrent\u00f3 con los recursos que los m\u00e9dicos de la \u00e9poca\ndispon\u00edan. Se emplearon todos los m\u00e9todos, hacer sangrar a los pacientes;\nadministrarles ox\u00edgeno; darles cantidades enormes de aspirinas. Pero de todos\nestos recursos terap\u00e9uticos, uno s\u00f3lo tuvo relativo \u00e9xito, hacer transfusiones\nde sangre de pacientes recuperados a personas reci\u00e9n infectadas por el virus.<\/p>\n\n\n\n<p>Como lo vemos tambi\u00e9n hoy, a cien a\u00f1os de esa\npandemia.&nbsp; En 1918, tambi\u00e9n se debi\u00f3\nrecurrir a instrucciones perentorias a la poblaci\u00f3n, para que adoptara medidas\nde higiene en su hogar, aseo personal, y medidas de distanciamiento social. En\nun bolet\u00edn fechado en octubre de 1918, el gobernador de la Provincia de Burgos,\nen Espa\u00f1a, don&nbsp; Andr\u00e9s Alonso L\u00f3pez ,\ninstru\u00eda lo siguiente:<\/p>\n\n\n\n<p>&nbsp;\u200b<\/p>\n\n\n\n<p><em>\u201c&#8230;\nAsimismo recuerdo que&nbsp;la infecci\u00f3n\nse propaga por las gotitas de saliva que despide el que habla, tose, etc.\na nuestro lado, al ser respiradas por los que le rodean&#8230; Que se abstengan, en\nconsecuencia, de permanecer en locales cerrados, mal ventilados, donde se re\u00fane\nmucha gente, como tabernas, caf\u00e9s, etc. Que se extreme la limpieza de las\ncasas. Tener mucha limpieza de la boca y en una palabra, seguir los consejos\ndel M\u00e9dico y deso\u00edr a los ignorantes que se os invitan a beber alcohol o\nconsumir tabaco como remedios preventivos por ser sus efectos en esta ocasi\u00f3n\nm\u00e1s nocivos que nunca.\u201d<\/em> \u200b<\/p>\n\n\n\n<p>Transcurridos\ncien a\u00f1os, cuando la civilizaci\u00f3n se encontraba llegando a los l\u00edmites en la\nexploraci\u00f3n de la galaxia. Cuando se anunciaba cada d\u00eda nuevos adelantos\ncient\u00edficos, y avances tecnol\u00f3gicos. Nos toca enfrentar una epidemia de gripe,\ntan letal y nociva como la anterior. Viendo los esfuerzos que hacen los\ntrabajadores de la salud en todo el orbe, la entrega de m\u00e9dicos y enfermeras, y\ntoda la cadena sanitaria, quedamos abismados ante el tama\u00f1o de este desaf\u00edo,\nque amenaza nuestras vidas.<\/p>\n\n\n\n<p>Ante\nesta tarea que&nbsp; desaf\u00eda a la humanidad\ntoda, no podemos quedar indiferentes. Los esfuerzos que hacen los gobiernos de\ntodas las naciones para resguardar a su poblaci\u00f3n deben ser valorados y\napoyados. Es cierto que en varios pa\u00edses, incluido el nuestro, las medidas\ndebieron tomarse antes, y a\u00fan hoy d\u00eda, se puede ir m\u00e1s r\u00e1pido y m\u00e1s lejos. Pero\nes el momento ahora, de sacar al pizarr\u00f3n al ministro de salud, de intentar\notra acusaci\u00f3n constitucional contra el mismo, o contra el presidente?\nObviamente que no. Nadie en su sano juicio podr\u00eda pretender eso. Entonces, cual\nes la actitud que el pa\u00eds espera de sus representantes, de quienes ejercen el\npoder pol\u00edtico? Ser constructivo, ser audaz para intentar los caminos menos\nhabituales. La b\u00fasqueda de consensos, debe ser la carta de navegaci\u00f3n. S\u00ed, los\nacuerdos. Aquellos que nos permitieron transitar como sociedad hasta el siglo\nXXI, teniendo alternancia pac\u00edfica en el gobierno, desde el a\u00f1o 1990.<\/p>\n\n\n\n<p>Vengo\na reivindicar la paz como el aspecto m\u00e1s trascendental en nuestras vidas. Aquel\nque nos va a permitir superar este desaf\u00edo. Aqu\u00e9l que nos va a permitir\nfortalecer la amistad c\u00edvica, para que nadie se sienta libre de amenazar de\nmuerte a los adversarios, ni usar los medios del estado para sojuzgar a los m\u00e1s\nd\u00e9biles. Necesitamos con urgencia, encontrar los caminos de entendimiento. La\npaz y el dialogo social son el puente para resolver hoy los problemas que nos\naquejan. Nuestra incertidumbre por la salud, por la p\u00e9rdida de los empleos, por\nla subsistencia, requiere de un dialogo franco, directo en el propio\nterritorio.&nbsp; <\/p>\n\n\n\n<p>Vamos\na prevalecer!<\/p>\n","protected":false},"excerpt":{"rendered":"<p>En 1918 se extendi\u00f3 de forma acelerada y agresiva, por todo el mundo,&nbsp; una pandemia de gripe, causada por un brote del virus de influenza A, subtipo H1N1. Fue denominada&#8230; <a class=\"read-more\" href=\"https:\/\/www.radiopresidenteibanez.cl\/web\/a-cien-anos-de-la-gripe-espanola-por-ernesto-sepulveda\/\">Leer m\u00e1s<\/a><\/p>\n","protected":false},"author":2,"featured_media":2310,"comment_status":"closed","ping_status":"closed","sticky":false,"template":"","format":"standard","meta":{"footnotes":""},"categories":[1],"tags":[],"class_list":["post-11404","post","type-post","status-publish","format-standard","has-post-thumbnail","hentry","category-cronica"],"_links":{"self":[{"href":"https:\/\/www.radiopresidenteibanez.cl\/web\/wp-json\/wp\/v2\/posts\/11404","targetHints":{"allow":["GET"]}}],"collection":[{"href":"https:\/\/www.radiopresidenteibanez.cl\/web\/wp-json\/wp\/v2\/posts"}],"about":[{"href":"https:\/\/www.radiopresidenteibanez.cl\/web\/wp-json\/wp\/v2\/types\/post"}],"author":[{"embeddable":true,"href":"https:\/\/www.radiopresidenteibanez.cl\/web\/wp-json\/wp\/v2\/users\/2"}],"replies":[{"embeddable":true,"href":"https:\/\/www.radiopresidenteibanez.cl\/web\/wp-json\/wp\/v2\/comments?post=11404"}],"version-history":[{"count":0,"href":"https:\/\/www.radiopresidenteibanez.cl\/web\/wp-json\/wp\/v2\/posts\/11404\/revisions"}],"wp:featuredmedia":[{"embeddable":true,"href":"https:\/\/www.radiopresidenteibanez.cl\/web\/wp-json\/wp\/v2\/media\/2310"}],"wp:attachment":[{"href":"https:\/\/www.radiopresidenteibanez.cl\/web\/wp-json\/wp\/v2\/media?parent=11404"}],"wp:term":[{"taxonomy":"category","embeddable":true,"href":"https:\/\/www.radiopresidenteibanez.cl\/web\/wp-json\/wp\/v2\/categories?post=11404"},{"taxonomy":"post_tag","embeddable":true,"href":"https:\/\/www.radiopresidenteibanez.cl\/web\/wp-json\/wp\/v2\/tags?post=11404"}],"curies":[{"name":"wp","href":"https:\/\/api.w.org\/{rel}","templated":true}]}}