{"id":11400,"date":"2020-04-26T20:02:47","date_gmt":"2020-04-26T20:02:47","guid":{"rendered":"https:\/\/www.radiopresidenteibanez.cl\/web\/?p=11400"},"modified":"2020-04-26T20:02:55","modified_gmt":"2020-04-26T20:02:55","slug":"gobierno-descarta-recalendarizacion-del-plebiscito-pactado-para-el-mes-de-octubre","status":"publish","type":"post","link":"https:\/\/www.radiopresidenteibanez.cl\/web\/gobierno-descarta-recalendarizacion-del-plebiscito-pactado-para-el-mes-de-octubre\/","title":{"rendered":"GOBIERNO DESCARTA RECALENDARIZACI\u00d3N DEL PLEBISCITO PACTADO PARA EL MES DE OCTUBRE"},"content":{"rendered":"\n<p>En una entrevista al diario La Tercera, el ministro del\nInterior, Gonzalo Blumel, asegur\u00f3 que la realizaci\u00f3n del plebiscito\nconstitucional pospuesto para octubre debe ser analizada en base a la realidad\nsanitaria del pa\u00eds y al estado del coronavirus Covid-19 en Chile.<\/p>\n\n\n\n<p>Blumel se\u00f1al\u00f3 que la prioridad para el pa\u00eds debe ser el\ncombate de la pandemia provocada por el nuevo coronavirus, pero destac\u00f3 que\nexiste un calendario electoral interpuesto por el Congreso, \u201cen su minuto\ndebemos evaluarlo, conversar republicanamente en funci\u00f3n de la realidad\nsanitaria y lo primero, insisto, es cuidar la vida y la salud de las personas\u201d,\npuntualiz\u00f3 el ministro del Interior.<\/p>\n\n\n\n<p>Por lo anterior, es que la ministra vocera de Gobierno, Karla Rubilar, expres\u00f3 que \u201cen ning\u00fan momento hemos pensado en correr el plebiscito de octubre, si ahora no se hizo fue principalmente por el problema sanitario del coronavirus\u201d.<\/p>\n\n\n\n<p>As\u00ed tambi\u00e9n no se descarta desde el Gobierno optar por un\n\u201cPlan B\u201d para la realizaci\u00f3n del plebiscito que estaba pactado para ayer 26 de\nabril y que fue cambiado para el pr\u00f3ximo 25 de octubre.<\/p>\n\n\n\n<p>Finalmente, el ministro Blumel, enfatiz\u00f3 que \u00abhace todo sentido el racionalizar el cronograma electoral sabiendo que es muy probable que la pandemia se puede extender por lo menos por este a\u00f1o y parte del pr\u00f3ximo\u201d.<\/p>\n\n\n\n<p><\/p>\n\n\n\n<p>CHH.<\/p>\n","protected":false},"excerpt":{"rendered":"<p>En una entrevista al diario La Tercera, el ministro del Interior, Gonzalo Blumel, asegur\u00f3 que la realizaci\u00f3n del plebiscito constitucional pospuesto para octubre debe ser analizada en base a la&#8230; <a class=\"read-more\" href=\"https:\/\/www.radiopresidenteibanez.cl\/web\/gobierno-descarta-recalendarizacion-del-plebiscito-pactado-para-el-mes-de-octubre\/\">Leer m\u00e1s<\/a><\/p>\n","protected":false},"author":2,"featured_media":11401,"comment_status":"closed","ping_status":"closed","sticky":false,"template":"","format":"standard","meta":{"footnotes":""},"categories":[1],"tags":[],"class_list":["post-11400","post","type-post","status-publish","format-standard","has-post-thumbnail","hentry","category-cronica"],"_links":{"self":[{"href":"https:\/\/www.radiopresidenteibanez.cl\/web\/wp-json\/wp\/v2\/posts\/11400","targetHints":{"allow":["GET"]}}],"collection":[{"href":"https:\/\/www.radiopresidenteibanez.cl\/web\/wp-json\/wp\/v2\/posts"}],"about":[{"href":"https:\/\/www.radiopresidenteibanez.cl\/web\/wp-json\/wp\/v2\/types\/post"}],"author":[{"embeddable":true,"href":"https:\/\/www.radiopresidenteibanez.cl\/web\/wp-json\/wp\/v2\/users\/2"}],"replies":[{"embeddable":true,"href":"https:\/\/www.radiopresidenteibanez.cl\/web\/wp-json\/wp\/v2\/comments?post=11400"}],"version-history":[{"count":0,"href":"https:\/\/www.radiopresidenteibanez.cl\/web\/wp-json\/wp\/v2\/posts\/11400\/revisions"}],"wp:featuredmedia":[{"embeddable":true,"href":"https:\/\/www.radiopresidenteibanez.cl\/web\/wp-json\/wp\/v2\/media\/11401"}],"wp:attachment":[{"href":"https:\/\/www.radiopresidenteibanez.cl\/web\/wp-json\/wp\/v2\/media?parent=11400"}],"wp:term":[{"taxonomy":"category","embeddable":true,"href":"https:\/\/www.radiopresidenteibanez.cl\/web\/wp-json\/wp\/v2\/categories?post=11400"},{"taxonomy":"post_tag","embeddable":true,"href":"https:\/\/www.radiopresidenteibanez.cl\/web\/wp-json\/wp\/v2\/tags?post=11400"}],"curies":[{"name":"wp","href":"https:\/\/api.w.org\/{rel}","templated":true}]}}