{"id":114,"date":"2018-12-26T00:44:19","date_gmt":"2018-12-26T00:44:19","guid":{"rendered":"http:\/\/www.radiopresidenteibanez.cl\/web\/?p=114"},"modified":"2018-12-26T00:44:39","modified_gmt":"2018-12-26T00:44:39","slug":"avanza-reposicion-de-la-quinta-compania-de-bomberos-de-punta-arenas","status":"publish","type":"post","link":"https:\/\/www.radiopresidenteibanez.cl\/web\/avanza-reposicion-de-la-quinta-compania-de-bomberos-de-punta-arenas\/","title":{"rendered":"AVANZA REPOSICI\u00d3N DE LA QUINTA COMPA\u00d1\u00cdA DE BOMBEROS DE PUNTA ARENAS"},"content":{"rendered":"\n<p>Un 48 por ciento de avance presentan las obras de reposici\u00f3n de la Quinta Compa\u00f1\u00eda de Bomberos, proyecto que implica la remodelaci\u00f3n y regularizaci\u00f3n de toda la infraestructura, considerando una superficie total de 633,54 m2.<\/p>\n\n\n\n<p>El avance de las obras fue inspeccionado hoy por el seremi de Obras P\u00fablicas Pablo Rendoll, quien estuvo acompa\u00f1ado por el director regional de Arquitectura Patricio Hormazabal, y voluntarios de la bomba.<\/p>\n\n\n\n<p>\u201cPara el Gobierno del Presidente Sebasti\u00e1n Pi\u00f1era es fundamental apoyar la labor del Cuerpo de Bomberos, considerando que son la primera l\u00ednea de acci\u00f3n en las emergencias, por lo que nuestro objetivo es que los voluntarios cuenten con total funcionalidad y habitabilidad\u201d, destac\u00f3 el seremi de Obras P\u00fablicas.<\/p>\n\n\n\n<p>Como inform\u00f3 el director de Arquitectura, se invierten en la iniciativa $ 928.476.726 de financiamiento del Fondo Nacional de Desarrollo Regional (FNDR) \u2013 GORE.<\/p>\n\n\n\n<p>Destac\u00f3 Hormazabal que con la nueva infraestructura, la que estar\u00e1 concluida el primer semestre de 2019, se mejorar\u00e1n las condiciones de trabajo de los voluntarios en el lugar, la calidad de atenci\u00f3n y la habitabilidad para quienes prestan servicio y ocupan el edificio.<\/p>\n\n\n\n<p>\u201cTen\u00edamos deterioro en las instalaciones, hundimientos, desprendimientos y humedad, todo muy inc\u00f3modo para los mismos voluntarios que hacen guardia. No ten\u00edamos la capacidad como correspond\u00eda y ahora esperamos la pronta entrega de esta nueva infraestructura para seguir brindando un mejor servicio\u201d, sostuvo por su parte el bombero honorario de la \u201cPompe France\u201d, Jaime Gu\u00ed\u00f1ez. <\/p>\n\n\n\n<p>La Direcci\u00f3n de Arquitectura del Ministerio de Obras P\u00fablicas, se encuentra trabajando adem\u00e1s en la reposici\u00f3n de la segunda compa\u00f1\u00eda, en la licitaci\u00f3n para el pr\u00f3ximo a\u00f1o de la remodelaci\u00f3n de la primera y en el dise\u00f1o para la cuarta compa\u00f1\u00eda. &nbsp;<\/p>\n","protected":false},"excerpt":{"rendered":"<p>Un 48 por ciento de avance presentan las obras de reposici\u00f3n de la Quinta Compa\u00f1\u00eda de Bomberos, proyecto que implica la remodelaci\u00f3n y regularizaci\u00f3n de toda la infraestructura, considerando una&#8230; <a class=\"read-more\" href=\"https:\/\/www.radiopresidenteibanez.cl\/web\/avanza-reposicion-de-la-quinta-compania-de-bomberos-de-punta-arenas\/\">Leer m\u00e1s<\/a><\/p>\n","protected":false},"author":2,"featured_media":115,"comment_status":"closed","ping_status":"closed","sticky":false,"template":"","format":"standard","meta":{"footnotes":""},"categories":[1],"tags":[],"class_list":["post-114","post","type-post","status-publish","format-standard","has-post-thumbnail","hentry","category-cronica"],"_links":{"self":[{"href":"https:\/\/www.radiopresidenteibanez.cl\/web\/wp-json\/wp\/v2\/posts\/114","targetHints":{"allow":["GET"]}}],"collection":[{"href":"https:\/\/www.radiopresidenteibanez.cl\/web\/wp-json\/wp\/v2\/posts"}],"about":[{"href":"https:\/\/www.radiopresidenteibanez.cl\/web\/wp-json\/wp\/v2\/types\/post"}],"author":[{"embeddable":true,"href":"https:\/\/www.radiopresidenteibanez.cl\/web\/wp-json\/wp\/v2\/users\/2"}],"replies":[{"embeddable":true,"href":"https:\/\/www.radiopresidenteibanez.cl\/web\/wp-json\/wp\/v2\/comments?post=114"}],"version-history":[{"count":0,"href":"https:\/\/www.radiopresidenteibanez.cl\/web\/wp-json\/wp\/v2\/posts\/114\/revisions"}],"wp:featuredmedia":[{"embeddable":true,"href":"https:\/\/www.radiopresidenteibanez.cl\/web\/wp-json\/wp\/v2\/media\/115"}],"wp:attachment":[{"href":"https:\/\/www.radiopresidenteibanez.cl\/web\/wp-json\/wp\/v2\/media?parent=114"}],"wp:term":[{"taxonomy":"category","embeddable":true,"href":"https:\/\/www.radiopresidenteibanez.cl\/web\/wp-json\/wp\/v2\/categories?post=114"},{"taxonomy":"post_tag","embeddable":true,"href":"https:\/\/www.radiopresidenteibanez.cl\/web\/wp-json\/wp\/v2\/tags?post=114"}],"curies":[{"name":"wp","href":"https:\/\/api.w.org\/{rel}","templated":true}]}}