{"id":11397,"date":"2020-04-26T19:58:49","date_gmt":"2020-04-26T19:58:49","guid":{"rendered":"https:\/\/www.radiopresidenteibanez.cl\/web\/?p=11397"},"modified":"2020-04-26T20:06:51","modified_gmt":"2020-04-26T20:06:51","slug":"arturo-zuniga-subsecretario-de-redes-asistenciales-hemos-aprendido-mucho-de-magallanes-y-su-trabajo-contra-el-covid-19-debe-ser-replicado","status":"publish","type":"post","link":"https:\/\/www.radiopresidenteibanez.cl\/web\/arturo-zuniga-subsecretario-de-redes-asistenciales-hemos-aprendido-mucho-de-magallanes-y-su-trabajo-contra-el-covid-19-debe-ser-replicado\/","title":{"rendered":"ARTURO Z\u00da\u00d1IGA SUBSECRETARIO DE REDES ASISTENCIALES \u201cHEMOS APRENDIDO MUCHO DE MAGALLANES Y SU TRABAJO CONTRA EL COVID-19 DEBE SER REPLICADO\u201d"},"content":{"rendered":"\n<p>En su visita a la ciudad de Punta Arenas, junto al ministro\nde salud, Jaime Ma\u00f1alich, el subsecretario de redes asistenciales, Arturo\nZ\u00fa\u00f1iga, explic\u00f3 y agradeci\u00f3 el excelente trabajo que se encuentra realizando el\n\u00e1rea de salud para combatir el coronavirus y tener una tasa de mortalidad tan\nbaja a comparaci\u00f3n de otras zonas.<\/p>\n\n\n\n<p>As\u00ed tambi\u00e9n el subsecretario de redes asistenciales anuncio\nque Magallanes al comienzo de esta pandemia contaba con tal solo seis camas\ncriticas lo cual fue quintuplicado y ahora se cuenta con treinta camas.<\/p>\n\n\n\n<p>\u2018\u2019No solo es bueno contar con nueve ventiladores mec\u00e1nicos, sino tambi\u00e9n con personal, con la finalidad de poder abarcar todas las \u00e1reas y que los pacientes sean atendidos acorde de su estado\u2019\u2019, expres\u00f3 Z\u00fa\u00f1iga.<\/p>\n\n\n\n<p>As\u00ed tambi\u00e9n, el subsecretario de redes asistenciales, coment\u00f3 que se reuni\u00f3 con gremios del \u00e1rea de la salud en Magallanes, para analizar propuestas y ver dificultades que se les ha presentado a 54 d\u00edas del inicio de la pandemia en el pa\u00eds.<\/p>\n\n\n\n<p><\/p>\n\n\n\n<p>CHH.<\/p>\n","protected":false},"excerpt":{"rendered":"<p>En su visita a la ciudad de Punta Arenas, junto al ministro de salud, Jaime Ma\u00f1alich, el subsecretario de redes asistenciales, Arturo Z\u00fa\u00f1iga, explic\u00f3 y agradeci\u00f3 el excelente trabajo que&#8230; <a class=\"read-more\" href=\"https:\/\/www.radiopresidenteibanez.cl\/web\/arturo-zuniga-subsecretario-de-redes-asistenciales-hemos-aprendido-mucho-de-magallanes-y-su-trabajo-contra-el-covid-19-debe-ser-replicado\/\">Leer m\u00e1s<\/a><\/p>\n","protected":false},"author":2,"featured_media":11398,"comment_status":"closed","ping_status":"closed","sticky":false,"template":"","format":"standard","meta":{"footnotes":""},"categories":[1],"tags":[],"class_list":["post-11397","post","type-post","status-publish","format-standard","has-post-thumbnail","hentry","category-cronica"],"_links":{"self":[{"href":"https:\/\/www.radiopresidenteibanez.cl\/web\/wp-json\/wp\/v2\/posts\/11397","targetHints":{"allow":["GET"]}}],"collection":[{"href":"https:\/\/www.radiopresidenteibanez.cl\/web\/wp-json\/wp\/v2\/posts"}],"about":[{"href":"https:\/\/www.radiopresidenteibanez.cl\/web\/wp-json\/wp\/v2\/types\/post"}],"author":[{"embeddable":true,"href":"https:\/\/www.radiopresidenteibanez.cl\/web\/wp-json\/wp\/v2\/users\/2"}],"replies":[{"embeddable":true,"href":"https:\/\/www.radiopresidenteibanez.cl\/web\/wp-json\/wp\/v2\/comments?post=11397"}],"version-history":[{"count":0,"href":"https:\/\/www.radiopresidenteibanez.cl\/web\/wp-json\/wp\/v2\/posts\/11397\/revisions"}],"wp:featuredmedia":[{"embeddable":true,"href":"https:\/\/www.radiopresidenteibanez.cl\/web\/wp-json\/wp\/v2\/media\/11398"}],"wp:attachment":[{"href":"https:\/\/www.radiopresidenteibanez.cl\/web\/wp-json\/wp\/v2\/media?parent=11397"}],"wp:term":[{"taxonomy":"category","embeddable":true,"href":"https:\/\/www.radiopresidenteibanez.cl\/web\/wp-json\/wp\/v2\/categories?post=11397"},{"taxonomy":"post_tag","embeddable":true,"href":"https:\/\/www.radiopresidenteibanez.cl\/web\/wp-json\/wp\/v2\/tags?post=11397"}],"curies":[{"name":"wp","href":"https:\/\/api.w.org\/{rel}","templated":true}]}}