{"id":11393,"date":"2020-04-25T22:30:36","date_gmt":"2020-04-25T22:30:36","guid":{"rendered":"https:\/\/www.radiopresidenteibanez.cl\/web\/?p=11393"},"modified":"2020-04-25T22:30:43","modified_gmt":"2020-04-25T22:30:43","slug":"con-el-anuncio-de-un-nuevo-laboratorio-para-muestras-covid-19-termino-la-hermetica-visita-del-ministro-jaime-manalich-a-la-region-de-magallanes","status":"publish","type":"post","link":"https:\/\/www.radiopresidenteibanez.cl\/web\/con-el-anuncio-de-un-nuevo-laboratorio-para-muestras-covid-19-termino-la-hermetica-visita-del-ministro-jaime-manalich-a-la-region-de-magallanes\/","title":{"rendered":"CON EL ANUNCIO DE UN NUEVO LABORATORIO PARA MUESTRAS COVID-19, TERMINO LA HERM\u00c9TICA VISITA DEL MINISTRO JAIME MA\u00d1ALICH A LA REGI\u00d3N DE MAGALLANES"},"content":{"rendered":"\n<p>Cabe mencionar que el pasado\nviernes cerca de las 18:00 horas arrib\u00f3 hasta la ciudad de Punta Arenas, el ministro\nde salud, Jaime Ma\u00f1alich, junto al subsecretario de redes asistenciales, Arturo\nZ\u00fa\u00f1iga, en un avi\u00f3n de la FACH que aparte de traer un equipo humano que acompa\u00f1aba\na las autoridades llegaron dos ventiladores mec\u00e1nicos y media tonelada de\ninsumos.<\/p>\n\n\n\n<p>En un punto de prensa realizado en\ndependencias de la intendencia regional de Magallanes, la autoridad nacional,\nJaime Ma\u00f1alich, expres\u00f3 que llegaron hasta la ciudad para conocer y aprender\ndel trabajo que est\u00e1 realizando el \u00e1rea de salud y autoridades regionales para combatir\nel coronavirus en la zona.<\/p>\n\n\n\n<p>En primera instancia se refiri\u00f3 a la situaci\u00f3n de la cuarentena total que vive la ciudad capital de Magallanes, expresando que \u201ceste martes discutiremos con el presidente esta situaci\u00f3n, sabemos que se cumplir\u00e1 un mes de confinamiento siendo una medida efectiva para evitar el brote pero que tambi\u00e9n provoca sufrimiento\u201d.<\/p>\n\n\n\n<p>\u201ces incre\u00edble el trabajo que realizan los trabajadores de la salud en esta ciudad, han controlado de buena forma el virus y han evitado tener un n\u00famero mayor de decesos\u201d sigui\u00f3 diciendo el ministro de salud.<\/p>\n\n\n\n<p>As\u00ed tambi\u00e9n, el ministro inform\u00f3 que la regi\u00f3n contar\u00e1 con un segundo laboratorio para realizar el examen de covid-19, el que estar\u00e1 al interior de las dependencias del Hospital Cl\u00ednico de Magallanes, en donde se podr\u00e1 realizar cerca de 140 ex\u00e1menes diarios.<\/p>\n\n\n\n<p>Seg\u00fan las palabras de la autoridad\nnacional, el brote en la ciudad de Punta Arenas, lleg\u00f3 debido a los cruceros\nque recalaron en la capital de Magallanes, en donde la mayor\u00eda eran adultos\nmayores que realizaron escalas en distintos puertos de Latinoam\u00e9rica, \u201cmiles de\npersonas llegaron se sacaron fotos con ustedes, besaron el dedo del indio en la\nplaza principal, dejando el virus ah\u00ed donde despu\u00e9s llego otra cantidad de viajeros\u201d.<\/p>\n\n\n\n<p>Finalmente, el ministro Ma\u00f1alich, expres\u00f3 que mientras no se tenga la vacuna\u2026seguir\u00e1 habiendo brotes de personas infectadas, \u201cpor esto es importante que la comunidad tome conciencia de las medidas para evitar el contagio\u201d, puntualiz\u00f3.<\/p>\n\n\n\n<p><\/p>\n\n\n\n<p>CHH.<\/p>\n","protected":false},"excerpt":{"rendered":"<p>Cabe mencionar que el pasado viernes cerca de las 18:00 horas arrib\u00f3 hasta la ciudad de Punta Arenas, el ministro de salud, Jaime Ma\u00f1alich, junto al subsecretario de redes asistenciales,&#8230; <a class=\"read-more\" href=\"https:\/\/www.radiopresidenteibanez.cl\/web\/con-el-anuncio-de-un-nuevo-laboratorio-para-muestras-covid-19-termino-la-hermetica-visita-del-ministro-jaime-manalich-a-la-region-de-magallanes\/\">Leer m\u00e1s<\/a><\/p>\n","protected":false},"author":2,"featured_media":11394,"comment_status":"closed","ping_status":"closed","sticky":false,"template":"","format":"standard","meta":{"footnotes":""},"categories":[1],"tags":[],"class_list":["post-11393","post","type-post","status-publish","format-standard","has-post-thumbnail","hentry","category-cronica"],"_links":{"self":[{"href":"https:\/\/www.radiopresidenteibanez.cl\/web\/wp-json\/wp\/v2\/posts\/11393","targetHints":{"allow":["GET"]}}],"collection":[{"href":"https:\/\/www.radiopresidenteibanez.cl\/web\/wp-json\/wp\/v2\/posts"}],"about":[{"href":"https:\/\/www.radiopresidenteibanez.cl\/web\/wp-json\/wp\/v2\/types\/post"}],"author":[{"embeddable":true,"href":"https:\/\/www.radiopresidenteibanez.cl\/web\/wp-json\/wp\/v2\/users\/2"}],"replies":[{"embeddable":true,"href":"https:\/\/www.radiopresidenteibanez.cl\/web\/wp-json\/wp\/v2\/comments?post=11393"}],"version-history":[{"count":0,"href":"https:\/\/www.radiopresidenteibanez.cl\/web\/wp-json\/wp\/v2\/posts\/11393\/revisions"}],"wp:featuredmedia":[{"embeddable":true,"href":"https:\/\/www.radiopresidenteibanez.cl\/web\/wp-json\/wp\/v2\/media\/11394"}],"wp:attachment":[{"href":"https:\/\/www.radiopresidenteibanez.cl\/web\/wp-json\/wp\/v2\/media?parent=11393"}],"wp:term":[{"taxonomy":"category","embeddable":true,"href":"https:\/\/www.radiopresidenteibanez.cl\/web\/wp-json\/wp\/v2\/categories?post=11393"},{"taxonomy":"post_tag","embeddable":true,"href":"https:\/\/www.radiopresidenteibanez.cl\/web\/wp-json\/wp\/v2\/tags?post=11393"}],"curies":[{"name":"wp","href":"https:\/\/api.w.org\/{rel}","templated":true}]}}