{"id":11390,"date":"2020-04-25T21:50:36","date_gmt":"2020-04-25T21:50:36","guid":{"rendered":"https:\/\/www.radiopresidenteibanez.cl\/web\/?p=11390"},"modified":"2020-04-25T21:50:45","modified_gmt":"2020-04-25T21:50:45","slug":"suman-15-camas-clinicas-e-insumos-medicos-a-hospital-comunitario-de-puerto-williams","status":"publish","type":"post","link":"https:\/\/www.radiopresidenteibanez.cl\/web\/suman-15-camas-clinicas-e-insumos-medicos-a-hospital-comunitario-de-puerto-williams\/","title":{"rendered":"SUMAN 15 CAMAS CL\u00cdNICAS E INSUMOS M\u00c9DICOS A HOSPITAL COMUNITARIO DE PUERTO WILLIAMS"},"content":{"rendered":"\n<p>Esta acci\u00f3n, concretada durante esta jornada, tiene un objetivo preventivo, en medio del plan de acci\u00f3n para combatir el coronavirus en la capital provincial, que a la fecha lleva 19 casos positivos. Armada de Chile colabor\u00f3 en las faenas de descarga y traslado de los implementos.<\/p>\n\n\n\n<p>Durante la ma\u00f1ana de este s\u00e1bado, 15 camas cl\u00ednicas se sumaron al Hospital Comunitario Cristina Calder\u00f3n, con el fin de reforzar la disponibilidad en el recinto de salud de Puerto Williams, en medio del plan de acci\u00f3n que se ejecuta para combatir el coronavirus.<\/p>\n\n\n\n<p>Respecto a estas adquisiciones, el director del Hospital Comunitario Cristina Calder\u00f3n, Fabi\u00e1n Barrientos, explic\u00f3 que \u201cvamos a implementar varias de ellas en nuestro mismo hospital en la parte de atenci\u00f3n primaria, donde se van a habilitar camas cl\u00ednicas\u201d. <\/p>\n\n\n\n<p>Asimismo, Barrientos enfatiz\u00f3 que este aumento en la dotaci\u00f3n de camas gestionada por el Servicio de Salud de Magallanes, en coordinaci\u00f3n con la Gobernaci\u00f3n Ant\u00e1rtica Chilena y Armada de Chile, \u201ctiene un objetivo preventivo, es decir, prepararnos en caso de que hubiera un aumento de casos, ya sea por coronavirus o por influenza, y necesitemos mayor capacidad de n\u00famero de camas en nuestro establecimiento\u201d.<\/p>\n\n\n\n<p>Por otro lado, detall\u00f3 que \u201caparte de las camas, han llegado algunos insumos cl\u00ednicos: equipamiento en relaci\u00f3n a monitores, elementos de protecci\u00f3n personal, entre otros\u201d.<\/p>\n\n\n\n<p>El gobernador de la Provincia Ant\u00e1rtica Chilena, Nelson C\u00e1rcamo, coordin\u00f3 con Transbordadora Austral Broom (Tabsa), empresa a cargo del ferry Yaghan, el arribo de estos implementos. En este sentido, agradeci\u00f3 la gentileza de la compa\u00f1\u00eda por haber facilitado el traslado mar\u00edtimo de estas importantes adquisiciones, desde Punta Arenas hasta Puerto Williams. <\/p>\n\n\n\n<p>La descarga y posterior traslado de los implementos se logr\u00f3 realizar gracias a la cooperaci\u00f3n de una veintena de uniformados del Distrito Naval Beagle de la Armada de Chile. Ellos participaron en el desembarco de estas camas que pesaban cerca de 106 kilos, usando adem\u00e1s un cami\u00f3n y horquilla de la base naval.<\/p>\n\n\n\n<p>El gobernador C\u00e1rcamo destac\u00f3 la labor ejecutada esta ma\u00f1ana, gracias al \u201cesfuerzo y trabajo mancomunado de la Armada de Chile, la cual ha desarrollado todo el despliegue, no s\u00f3lo fuerza del personal, sino que tambi\u00e9n tecnol\u00f3gico, a objeto de poder facilitar su desembarco y su posterior instalaci\u00f3n al interior del hospital\u201d.<\/p>\n\n\n\n<p>Por su parte, el coordinador en Puerto Williams de la Jefatura de Defensa Nacional de Magallanes, capit\u00e1n de nav\u00edo Cristi\u00e1n Y\u00e1\u00f1ez, manifest\u00f3 que \u201cestas camas tienen el prop\u00f3sito de ampliar la capacidad del hospital en caso de que hayan pacientes no solamente con coronavirus, sino que deban concurrir a \u00e9l por otro tipo de enfermedades. Est\u00e1n destinadas tambi\u00e9n a un sector que se va a declarar anexo al hospital, en dependencias que est\u00e1n por determinar. La importancia de esta colaboraci\u00f3n es que las camas son bastante aparatosas, as\u00ed que fue fundamental la contribuci\u00f3n de nuestra gente\u201d.<\/p>\n\n\n\n<p>Cabe recordar que, seg\u00fan el \u00faltimo reporte entregado por la Seremi de Salud de Magallanes y la Ant\u00e1rtica Chilena, en Puerto Williams hay 19 casos confirmados con coronavirus. Esta cifra es parte de los 655 positivos que existen a nivel regional: adem\u00e1s de los ya mencionados de la capital provincial, hay 619 en Punta Arenas, 8 en Porvenir, 8 en Puerto Natales y 1 en Primavera.<\/p>\n","protected":false},"excerpt":{"rendered":"<p>Esta acci\u00f3n, concretada durante esta jornada, tiene un objetivo preventivo, en medio del plan de acci\u00f3n para combatir el coronavirus en la capital provincial, que a la fecha lleva 19&#8230; <a class=\"read-more\" href=\"https:\/\/www.radiopresidenteibanez.cl\/web\/suman-15-camas-clinicas-e-insumos-medicos-a-hospital-comunitario-de-puerto-williams\/\">Leer m\u00e1s<\/a><\/p>\n","protected":false},"author":2,"featured_media":11391,"comment_status":"closed","ping_status":"closed","sticky":false,"template":"","format":"standard","meta":{"footnotes":""},"categories":[1],"tags":[],"class_list":["post-11390","post","type-post","status-publish","format-standard","has-post-thumbnail","hentry","category-cronica"],"_links":{"self":[{"href":"https:\/\/www.radiopresidenteibanez.cl\/web\/wp-json\/wp\/v2\/posts\/11390","targetHints":{"allow":["GET"]}}],"collection":[{"href":"https:\/\/www.radiopresidenteibanez.cl\/web\/wp-json\/wp\/v2\/posts"}],"about":[{"href":"https:\/\/www.radiopresidenteibanez.cl\/web\/wp-json\/wp\/v2\/types\/post"}],"author":[{"embeddable":true,"href":"https:\/\/www.radiopresidenteibanez.cl\/web\/wp-json\/wp\/v2\/users\/2"}],"replies":[{"embeddable":true,"href":"https:\/\/www.radiopresidenteibanez.cl\/web\/wp-json\/wp\/v2\/comments?post=11390"}],"version-history":[{"count":0,"href":"https:\/\/www.radiopresidenteibanez.cl\/web\/wp-json\/wp\/v2\/posts\/11390\/revisions"}],"wp:featuredmedia":[{"embeddable":true,"href":"https:\/\/www.radiopresidenteibanez.cl\/web\/wp-json\/wp\/v2\/media\/11391"}],"wp:attachment":[{"href":"https:\/\/www.radiopresidenteibanez.cl\/web\/wp-json\/wp\/v2\/media?parent=11390"}],"wp:term":[{"taxonomy":"category","embeddable":true,"href":"https:\/\/www.radiopresidenteibanez.cl\/web\/wp-json\/wp\/v2\/categories?post=11390"},{"taxonomy":"post_tag","embeddable":true,"href":"https:\/\/www.radiopresidenteibanez.cl\/web\/wp-json\/wp\/v2\/tags?post=11390"}],"curies":[{"name":"wp","href":"https:\/\/api.w.org\/{rel}","templated":true}]}}