{"id":11388,"date":"2020-04-25T21:47:23","date_gmt":"2020-04-25T21:47:23","guid":{"rendered":"https:\/\/www.radiopresidenteibanez.cl\/web\/?p=11388"},"modified":"2020-04-25T21:47:31","modified_gmt":"2020-04-25T21:47:31","slug":"seremi-pablo-rendoll-destaco-apoyo-de-mina-invierno-a-la-region-de-magallanes-por-covid-19","status":"publish","type":"post","link":"https:\/\/www.radiopresidenteibanez.cl\/web\/seremi-pablo-rendoll-destaco-apoyo-de-mina-invierno-a-la-region-de-magallanes-por-covid-19\/","title":{"rendered":"SEREMI PABLO RENDOLL DESTAC\u00d3 APOYO DE MINA INVIERNO A LA REGI\u00d3N DE MAGALLANES POR COVID-19"},"content":{"rendered":"\n<p>\u201cNuestra regi\u00f3n tiene un enorme desaf\u00edo para enfrentar\nla emergencia provocada por el Coronavirus. En ese sentido, valoramos cada una\nde las iniciativas privadas que contribuyan a las gestiones del Gobierno, pues\nresponden el llamado del Presidente Sebasti\u00e1n Pi\u00f1era a priorizar la protecci\u00f3n\nde la salud y la vida de las personas\u201d. Con estas palabras, el seremi (s) de\nMiner\u00eda, Pablo Rendoll, destac\u00f3 el apoyo de Mina Invierno a las autoridades de\nSalud para enfrentar la pandemia.<\/p>\n\n\n\n<p>Se trata de 18 carpas modulares con calefactores\noleoel\u00e9ctricos, lo que permitir\u00e1 seg\u00fan el Gerente General de la empresa,\nGuillermo Hern\u00e1ndez, \u201chabilitar un m\u00ednimo de 72 camas en caso de que \u2013producto\nde la emergencia sanitaria- sean requeridas para la atenci\u00f3n de pacientes\u201d. <\/p>\n\n\n\n<p>El aporte de la minera, seg\u00fan el ejecutivo, va en\nl\u00ednea \u201ccon nuestra pol\u00edtica de buen vecino\u201d e incluye 108 catres con sus\nrespectivos colchones, adem\u00e1s de tres m\u00f3dulos sanitarios de libre disposici\u00f3n.\nTodos los insumos ya se encuentran disponibles para su uso.<\/p>\n\n\n\n<p>Finalmente, el seremi de Miner\u00eda (s) recalc\u00f3 que el\ngesto de Mina Invierno se suma a un trabajo conjunto de las empresas del\nsector, que en distintas regiones del pa\u00eds han realizado importantes donaciones\npara fortalecer la red de salud, a trav\u00e9s de insumos m\u00e9dicos, equipos de\ndiagn\u00f3stico, laboratorios de an\u00e1lisis; y que por otro lado se han destinado\nrecursos a la sanitizaci\u00f3n espacios p\u00fablicos, habilitaci\u00f3n de barreras\nsanitarias, hospitales de campa\u00f1a y apoyo a las diferentes comunidades que\nconviven con esta actividad.<\/p>\n","protected":false},"excerpt":{"rendered":"<p>\u201cNuestra regi\u00f3n tiene un enorme desaf\u00edo para enfrentar la emergencia provocada por el Coronavirus. En ese sentido, valoramos cada una de las iniciativas privadas que contribuyan a las gestiones del&#8230; <a class=\"read-more\" href=\"https:\/\/www.radiopresidenteibanez.cl\/web\/seremi-pablo-rendoll-destaco-apoyo-de-mina-invierno-a-la-region-de-magallanes-por-covid-19\/\">Leer m\u00e1s<\/a><\/p>\n","protected":false},"author":2,"featured_media":11229,"comment_status":"closed","ping_status":"closed","sticky":false,"template":"","format":"standard","meta":{"footnotes":""},"categories":[1],"tags":[],"class_list":["post-11388","post","type-post","status-publish","format-standard","has-post-thumbnail","hentry","category-cronica"],"_links":{"self":[{"href":"https:\/\/www.radiopresidenteibanez.cl\/web\/wp-json\/wp\/v2\/posts\/11388","targetHints":{"allow":["GET"]}}],"collection":[{"href":"https:\/\/www.radiopresidenteibanez.cl\/web\/wp-json\/wp\/v2\/posts"}],"about":[{"href":"https:\/\/www.radiopresidenteibanez.cl\/web\/wp-json\/wp\/v2\/types\/post"}],"author":[{"embeddable":true,"href":"https:\/\/www.radiopresidenteibanez.cl\/web\/wp-json\/wp\/v2\/users\/2"}],"replies":[{"embeddable":true,"href":"https:\/\/www.radiopresidenteibanez.cl\/web\/wp-json\/wp\/v2\/comments?post=11388"}],"version-history":[{"count":0,"href":"https:\/\/www.radiopresidenteibanez.cl\/web\/wp-json\/wp\/v2\/posts\/11388\/revisions"}],"wp:featuredmedia":[{"embeddable":true,"href":"https:\/\/www.radiopresidenteibanez.cl\/web\/wp-json\/wp\/v2\/media\/11229"}],"wp:attachment":[{"href":"https:\/\/www.radiopresidenteibanez.cl\/web\/wp-json\/wp\/v2\/media?parent=11388"}],"wp:term":[{"taxonomy":"category","embeddable":true,"href":"https:\/\/www.radiopresidenteibanez.cl\/web\/wp-json\/wp\/v2\/categories?post=11388"},{"taxonomy":"post_tag","embeddable":true,"href":"https:\/\/www.radiopresidenteibanez.cl\/web\/wp-json\/wp\/v2\/tags?post=11388"}],"curies":[{"name":"wp","href":"https:\/\/api.w.org\/{rel}","templated":true}]}}