{"id":11383,"date":"2020-04-25T21:42:12","date_gmt":"2020-04-25T21:42:12","guid":{"rendered":"https:\/\/www.radiopresidenteibanez.cl\/web\/?p=11383"},"modified":"2020-04-25T21:42:20","modified_gmt":"2020-04-25T21:42:20","slug":"magallanes-31-nuevos-casos-de-personas-contagiadas-y-un-nuevo-fallecido-a-raiz-del-covid-19","status":"publish","type":"post","link":"https:\/\/www.radiopresidenteibanez.cl\/web\/magallanes-31-nuevos-casos-de-personas-contagiadas-y-un-nuevo-fallecido-a-raiz-del-covid-19\/","title":{"rendered":"MAGALLANES: 31 NUEVOS CASOS DE PERSONAS CONTAGIADAS Y UN NUEVO FALLECIDO A RA\u00cdZ DEL COVID-19"},"content":{"rendered":"\n<p>Durante la jornada de la ma\u00f1ana el ministro de salud, Jaime\nMa\u00f1alich, entrego desde la ciudad de Punta Arenas, el nuevo reporte de covid-19\nen el pa\u00eds, el cual arroj\u00f3 los siguientes resultados en las \u00faltimas 24 horas,\ncon cierre en la jornada del viernes 24 de abril a las 21:00 horas.<\/p>\n\n\n\n<ul class=\"wp-block-list\"><li>12.858 personas infectadas en el pa\u00eds<\/li><li>6746 personas recuperadas<\/li><li>Por lo anterior es que hay 6112 personas activas\ncon el virus<\/li><li>418 personas hospitalizadas en UCI <\/li><li>321 pacientes conectados a ventilador mec\u00e1nico <\/li><li>83 personas en estado critico <\/li><\/ul>\n\n\n\n<p>Mientras que las cifras en Magallanes no son tan alentadoras\nluego de dos d\u00edas en baja pensando que el pasado jueves y viernes tuvimos 10 y\n9 casos respectivamente, este s\u00e1bado se notificaron 31 nuevos casos, llegando a\nun total de 655 casos en la regi\u00f3n.<\/p>\n\n\n\n<p>As\u00ed tambi\u00e9n, durante la madrugada falleci\u00f3 un hombre de 83 a\u00f1os\na ra\u00edz del coronavirus covid-19 quien tambi\u00e9n ten\u00eda otras enfermedades, este\nnuevo deceso no se report\u00f3 este s\u00e1bado debido a que el corte de los registros\nse hace a las 21 horas del d\u00eda anterior.<\/p>\n\n\n\n<p>En la\nocasi\u00f3n el ministro Ma\u00f1alich, expres\u00f3 que tienen consciente que el virus se\npropago debido a la llegada de turistas a la zona lo que fue denominado \u201cel\nbrote de los cruceros\u201d.<br>\n<br>\n<\/p>\n","protected":false},"excerpt":{"rendered":"<p>Durante la jornada de la ma\u00f1ana el ministro de salud, Jaime Ma\u00f1alich, entrego desde la ciudad de Punta Arenas, el nuevo reporte de covid-19 en el pa\u00eds, el cual arroj\u00f3&#8230; <a class=\"read-more\" href=\"https:\/\/www.radiopresidenteibanez.cl\/web\/magallanes-31-nuevos-casos-de-personas-contagiadas-y-un-nuevo-fallecido-a-raiz-del-covid-19\/\">Leer m\u00e1s<\/a><\/p>\n","protected":false},"author":2,"featured_media":11384,"comment_status":"closed","ping_status":"closed","sticky":false,"template":"","format":"standard","meta":{"footnotes":""},"categories":[1],"tags":[],"class_list":["post-11383","post","type-post","status-publish","format-standard","has-post-thumbnail","hentry","category-cronica"],"_links":{"self":[{"href":"https:\/\/www.radiopresidenteibanez.cl\/web\/wp-json\/wp\/v2\/posts\/11383","targetHints":{"allow":["GET"]}}],"collection":[{"href":"https:\/\/www.radiopresidenteibanez.cl\/web\/wp-json\/wp\/v2\/posts"}],"about":[{"href":"https:\/\/www.radiopresidenteibanez.cl\/web\/wp-json\/wp\/v2\/types\/post"}],"author":[{"embeddable":true,"href":"https:\/\/www.radiopresidenteibanez.cl\/web\/wp-json\/wp\/v2\/users\/2"}],"replies":[{"embeddable":true,"href":"https:\/\/www.radiopresidenteibanez.cl\/web\/wp-json\/wp\/v2\/comments?post=11383"}],"version-history":[{"count":0,"href":"https:\/\/www.radiopresidenteibanez.cl\/web\/wp-json\/wp\/v2\/posts\/11383\/revisions"}],"wp:featuredmedia":[{"embeddable":true,"href":"https:\/\/www.radiopresidenteibanez.cl\/web\/wp-json\/wp\/v2\/media\/11384"}],"wp:attachment":[{"href":"https:\/\/www.radiopresidenteibanez.cl\/web\/wp-json\/wp\/v2\/media?parent=11383"}],"wp:term":[{"taxonomy":"category","embeddable":true,"href":"https:\/\/www.radiopresidenteibanez.cl\/web\/wp-json\/wp\/v2\/categories?post=11383"},{"taxonomy":"post_tag","embeddable":true,"href":"https:\/\/www.radiopresidenteibanez.cl\/web\/wp-json\/wp\/v2\/tags?post=11383"}],"curies":[{"name":"wp","href":"https:\/\/api.w.org\/{rel}","templated":true}]}}