{"id":11365,"date":"2020-04-24T23:52:50","date_gmt":"2020-04-24T23:52:50","guid":{"rendered":"https:\/\/www.radiopresidenteibanez.cl\/web\/?p=11365"},"modified":"2020-04-24T23:52:56","modified_gmt":"2020-04-24T23:52:56","slug":"ministro-manalich-llego-a-punta-arenas-visito-hospital-clinico-donde-entrego-dos-ventiladores-mecanicos-e-insumos","status":"publish","type":"post","link":"https:\/\/www.radiopresidenteibanez.cl\/web\/ministro-manalich-llego-a-punta-arenas-visito-hospital-clinico-donde-entrego-dos-ventiladores-mecanicos-e-insumos\/","title":{"rendered":"MINISTRO MA\u00d1ALICH LLEG\u00d3 A PUNTA ARENAS, VISIT\u00d3 HOSPITAL CL\u00cdNICO DONDE ENTREG\u00d3 DOS VENTILADORES MEC\u00c1NICOS E INSUMOS"},"content":{"rendered":"\n<p>Con pleno hermetismo llego hasta la ciudad de Punta Arenas, el ministro de salud, Jaime Ma\u00f1alich, quien  visit\u00f3 las dependencias del Hospital Cl\u00ednico de Magallanes,  donde entreg\u00f3 dos ventiladores mec\u00e1nicos e insumos.<\/p>\n\n\n\n<p>En la ocasi\u00f3n tambi\u00e9n lleg\u00f3 el subsecretario de redes asistenciales.<\/p>\n\n\n\n<figure class=\"wp-block-image size-large\"><img loading=\"lazy\" decoding=\"async\" width=\"1024\" height=\"684\" src=\"https:\/\/www.radiopresidenteibanez.cl\/web\/wp-content\/uploads\/2020\/04\/IMG-20200424-WA0035.jpg\" alt=\"\" class=\"wp-image-11367\" srcset=\"https:\/\/www.radiopresidenteibanez.cl\/web\/wp-content\/uploads\/2020\/04\/IMG-20200424-WA0035.jpg 1024w, https:\/\/www.radiopresidenteibanez.cl\/web\/wp-content\/uploads\/2020\/04\/IMG-20200424-WA0035-300x200.jpg 300w, https:\/\/www.radiopresidenteibanez.cl\/web\/wp-content\/uploads\/2020\/04\/IMG-20200424-WA0035-768x513.jpg 768w\" sizes=\"auto, (max-width: 1024px) 100vw, 1024px\" \/><\/figure>\n","protected":false},"excerpt":{"rendered":"<p>Con pleno hermetismo llego hasta la ciudad de Punta Arenas, el ministro de salud, Jaime Ma\u00f1alich, quien visit\u00f3 las dependencias del Hospital Cl\u00ednico de Magallanes, donde entreg\u00f3 dos ventiladores mec\u00e1nicos&#8230; <a class=\"read-more\" href=\"https:\/\/www.radiopresidenteibanez.cl\/web\/ministro-manalich-llego-a-punta-arenas-visito-hospital-clinico-donde-entrego-dos-ventiladores-mecanicos-e-insumos\/\">Leer m\u00e1s<\/a><\/p>\n","protected":false},"author":2,"featured_media":11366,"comment_status":"closed","ping_status":"closed","sticky":false,"template":"","format":"standard","meta":{"footnotes":""},"categories":[1],"tags":[],"class_list":["post-11365","post","type-post","status-publish","format-standard","has-post-thumbnail","hentry","category-cronica"],"_links":{"self":[{"href":"https:\/\/www.radiopresidenteibanez.cl\/web\/wp-json\/wp\/v2\/posts\/11365","targetHints":{"allow":["GET"]}}],"collection":[{"href":"https:\/\/www.radiopresidenteibanez.cl\/web\/wp-json\/wp\/v2\/posts"}],"about":[{"href":"https:\/\/www.radiopresidenteibanez.cl\/web\/wp-json\/wp\/v2\/types\/post"}],"author":[{"embeddable":true,"href":"https:\/\/www.radiopresidenteibanez.cl\/web\/wp-json\/wp\/v2\/users\/2"}],"replies":[{"embeddable":true,"href":"https:\/\/www.radiopresidenteibanez.cl\/web\/wp-json\/wp\/v2\/comments?post=11365"}],"version-history":[{"count":0,"href":"https:\/\/www.radiopresidenteibanez.cl\/web\/wp-json\/wp\/v2\/posts\/11365\/revisions"}],"wp:featuredmedia":[{"embeddable":true,"href":"https:\/\/www.radiopresidenteibanez.cl\/web\/wp-json\/wp\/v2\/media\/11366"}],"wp:attachment":[{"href":"https:\/\/www.radiopresidenteibanez.cl\/web\/wp-json\/wp\/v2\/media?parent=11365"}],"wp:term":[{"taxonomy":"category","embeddable":true,"href":"https:\/\/www.radiopresidenteibanez.cl\/web\/wp-json\/wp\/v2\/categories?post=11365"},{"taxonomy":"post_tag","embeddable":true,"href":"https:\/\/www.radiopresidenteibanez.cl\/web\/wp-json\/wp\/v2\/tags?post=11365"}],"curies":[{"name":"wp","href":"https:\/\/api.w.org\/{rel}","templated":true}]}}