{"id":11360,"date":"2020-04-24T18:29:43","date_gmt":"2020-04-24T18:29:43","guid":{"rendered":"https:\/\/www.radiopresidenteibanez.cl\/web\/?p=11360"},"modified":"2020-04-24T18:29:49","modified_gmt":"2020-04-24T18:29:49","slug":"seremis-de-economia-y-trabajo-se-reunen-virtualmente-con-gremios-del-turismo-para-resolver-dudas-sobre-la-ley-de-proteccion-al-empleo","status":"publish","type":"post","link":"https:\/\/www.radiopresidenteibanez.cl\/web\/seremis-de-economia-y-trabajo-se-reunen-virtualmente-con-gremios-del-turismo-para-resolver-dudas-sobre-la-ley-de-proteccion-al-empleo\/","title":{"rendered":"SEREMIS DE ECONOM\u00cdA Y TRABAJO SE RE\u00daNEN VIRTUALMENTE CON GREMIOS DEL TURISMO PARA RESOLVER DUDAS SOBRE LA LEY DE PROTECCI\u00d3N AL EMPLEO"},"content":{"rendered":"\n<p>En el marco de la contingencia\nsanitaria que est\u00e1 presenciando el pa\u00eds y el impacto que ha tenido sobre el desarrollo\necon\u00f3mico y laboral en la regi\u00f3n de Magallanes y de la Ant\u00e1rtica Chilena, las\nautoridades Natalia Easton, SEREMI de Econom\u00eda, Fomento y Turismo y Victoria\nCort\u00e9s, SEREMI del Trabajo y Previsi\u00f3n Social, tomaron la iniciativa de\nrealizar una reuni\u00f3n con los gremios y c\u00e1maras de turismo pertenecientes a las\ncuatro provincias, para resolver diversas dudas del sector respecto a la\naplicaci\u00f3n de la Ley de Protecci\u00f3n del Empleo.<\/p>\n\n\n\n<p>Dicha actividad se llev\u00f3 a cabo\nel d\u00eda martes 21 de abril a las 16.00 horas v\u00eda teleconferencia, la cual cont\u00f3\ncon la participaci\u00f3n de m\u00e1s de 45 representantes del sector tur\u00edstico, las\nautoridades regionales de las carteras de Econom\u00eda y Trabajo, y la directora\nregional de SERNATUR, Ximena Castro. <\/p>\n\n\n\n<p>El objetivo de la reuni\u00f3n fue brindar\ninformaci\u00f3n detallada y resolver dudas respecto a la aplicaci\u00f3n de la ley, la\ncual entr\u00f3 en vigencia el d\u00eda 6 de abril del a\u00f1o en curso, y que busca establecer\nmedidas extraordinarias y de car\u00e1cter transitorio para proteger la estabilidad\nde los ingresos y las fuentes laborales de un grupo importante de trabajadores\nque no pueden prestar servicios o deben ajustar sus jornadas de trabajo a causa\nde la pandemia COVID-19.<\/p>\n\n\n\n<p>Al respecto, la Seremi de\nEconom\u00eda se\u00f1al\u00f3 que \u201cestamos conscientes de los impactos que esta crisis\nsanitaria genera en nuestra econom\u00eda local y, particularmente, en el sector\ntur\u00edstico. Es por ello que estamos trabajando fuertemente en la difusi\u00f3n de\ncada una de las medidas contempladas en el Plan Econ\u00f3mico de Emergencia, para\nque nuestros usuarios puedan acceder a ellas cuanto antes y as\u00ed esta crisis\nsanitaria transitoria no genere un efecto permanente en nuestra econom\u00eda local.\nEn esa l\u00ednea, agradezco especialmente a la Seremi del Trabajo, Victoria Cort\u00e9s,\nquien dio respuesta a m\u00e1s de 30 preguntas levantadas por los gremios del\nturismo con el objetivo de potenciar el uso y la correcta aplicaci\u00f3n de esta\nley que sin duda nos permitir\u00e1 proteger una amplia cantidad de empleos de esta\nindustria y la sobrevivencia de muchas pymes\u201d.<\/p>\n\n\n\n<p>Por su parte, la Seremi del\nTrabajo expres\u00f3 que \u201ccomo parte del gobierno del Presidente Sebasti\u00e1n Pi\u00f1era\nestamos sumamente interesados en que el conocimiento de la ley de protecci\u00f3n\ndel empleo y de todas las medidas enmarcadas en este plan econ\u00f3mico llegue a\ntodos los rubros de la regi\u00f3n. Por ello, participamos de este importante\nencuentro en el que resolvimos un sinn\u00famero de dudas respecto de la aplicaci\u00f3n\npr\u00e1ctica de la ley buscando, sobre todo, proteger los puestos de trabajo y los\ningresos, entendiendo, adem\u00e1s, la relevancia que tiene el sector tur\u00edstico en\nla generaci\u00f3n de empleos y en la econom\u00eda de la regi\u00f3n\u201d. <\/p>\n\n\n\n<p>Concluido el encuentro, las\nautoridades acordaron mantener un flujo de informaci\u00f3n constante con los representantes\nde las diferentes asociaciones gremiales del rubro y as\u00ed trabajar de forma\nconjunta en soluciones de cara a la crisis.<\/p>\n","protected":false},"excerpt":{"rendered":"<p>En el marco de la contingencia sanitaria que est\u00e1 presenciando el pa\u00eds y el impacto que ha tenido sobre el desarrollo econ\u00f3mico y laboral en la regi\u00f3n de Magallanes y&#8230; <a class=\"read-more\" href=\"https:\/\/www.radiopresidenteibanez.cl\/web\/seremis-de-economia-y-trabajo-se-reunen-virtualmente-con-gremios-del-turismo-para-resolver-dudas-sobre-la-ley-de-proteccion-al-empleo\/\">Leer m\u00e1s<\/a><\/p>\n","protected":false},"author":2,"featured_media":11362,"comment_status":"closed","ping_status":"closed","sticky":false,"template":"","format":"standard","meta":{"footnotes":""},"categories":[1],"tags":[],"class_list":["post-11360","post","type-post","status-publish","format-standard","has-post-thumbnail","hentry","category-cronica"],"_links":{"self":[{"href":"https:\/\/www.radiopresidenteibanez.cl\/web\/wp-json\/wp\/v2\/posts\/11360","targetHints":{"allow":["GET"]}}],"collection":[{"href":"https:\/\/www.radiopresidenteibanez.cl\/web\/wp-json\/wp\/v2\/posts"}],"about":[{"href":"https:\/\/www.radiopresidenteibanez.cl\/web\/wp-json\/wp\/v2\/types\/post"}],"author":[{"embeddable":true,"href":"https:\/\/www.radiopresidenteibanez.cl\/web\/wp-json\/wp\/v2\/users\/2"}],"replies":[{"embeddable":true,"href":"https:\/\/www.radiopresidenteibanez.cl\/web\/wp-json\/wp\/v2\/comments?post=11360"}],"version-history":[{"count":0,"href":"https:\/\/www.radiopresidenteibanez.cl\/web\/wp-json\/wp\/v2\/posts\/11360\/revisions"}],"wp:featuredmedia":[{"embeddable":true,"href":"https:\/\/www.radiopresidenteibanez.cl\/web\/wp-json\/wp\/v2\/media\/11362"}],"wp:attachment":[{"href":"https:\/\/www.radiopresidenteibanez.cl\/web\/wp-json\/wp\/v2\/media?parent=11360"}],"wp:term":[{"taxonomy":"category","embeddable":true,"href":"https:\/\/www.radiopresidenteibanez.cl\/web\/wp-json\/wp\/v2\/categories?post=11360"},{"taxonomy":"post_tag","embeddable":true,"href":"https:\/\/www.radiopresidenteibanez.cl\/web\/wp-json\/wp\/v2\/tags?post=11360"}],"curies":[{"name":"wp","href":"https:\/\/api.w.org\/{rel}","templated":true}]}}