{"id":11351,"date":"2020-04-24T13:17:20","date_gmt":"2020-04-24T13:17:20","guid":{"rendered":"https:\/\/www.radiopresidenteibanez.cl\/web\/?p=11351"},"modified":"2020-04-24T13:17:27","modified_gmt":"2020-04-24T13:17:27","slug":"ministro-de-salud-arribaria-esta-tarde-hasta-la-ciudad-de-punta-arenas-para-conocer-situacion-del-covid-19","status":"publish","type":"post","link":"https:\/\/www.radiopresidenteibanez.cl\/web\/ministro-de-salud-arribaria-esta-tarde-hasta-la-ciudad-de-punta-arenas-para-conocer-situacion-del-covid-19\/","title":{"rendered":"MINISTRO DE SALUD ARRIBAR\u00cdA ESTA TARDE HASTA LA CIUDAD DE PUNTA ARENAS PARA CONOCER SITUACI\u00d3N DEL COVID-19"},"content":{"rendered":"\n<p>Pasadas las\n13 horas de este viernes 24 de abril, estar\u00eda arribando en Punta Arenas, el\nministro de salud, Jaime Ma\u00f1alich, seg\u00fan trascendidos el secretario de Estado\nllegar\u00eda en un avi\u00f3n de la Fuerza A\u00e9rea de Chile, pero la agenda se desconoce.<\/p>\n\n\n\n<p>As\u00ed tambi\u00e9n\nfue imposible confirmar el viaje por parte de las autoridades regionales, pero\nse comenta que visitar\u00eda las dependencias del CADI-UMAG, Hospital Cl\u00ednico de\nMagallanes, adem\u00e1s de tener reuniones con las autoridades regionales de salud.<\/p>\n","protected":false},"excerpt":{"rendered":"<p>Pasadas las 13 horas de este viernes 24 de abril, estar\u00eda arribando en Punta Arenas, el ministro de salud, Jaime Ma\u00f1alich, seg\u00fan trascendidos el secretario de Estado llegar\u00eda en un&#8230; <a class=\"read-more\" href=\"https:\/\/www.radiopresidenteibanez.cl\/web\/ministro-de-salud-arribaria-esta-tarde-hasta-la-ciudad-de-punta-arenas-para-conocer-situacion-del-covid-19\/\">Leer m\u00e1s<\/a><\/p>\n","protected":false},"author":2,"featured_media":10909,"comment_status":"closed","ping_status":"closed","sticky":false,"template":"","format":"standard","meta":{"footnotes":""},"categories":[1],"tags":[],"class_list":["post-11351","post","type-post","status-publish","format-standard","has-post-thumbnail","hentry","category-cronica"],"_links":{"self":[{"href":"https:\/\/www.radiopresidenteibanez.cl\/web\/wp-json\/wp\/v2\/posts\/11351","targetHints":{"allow":["GET"]}}],"collection":[{"href":"https:\/\/www.radiopresidenteibanez.cl\/web\/wp-json\/wp\/v2\/posts"}],"about":[{"href":"https:\/\/www.radiopresidenteibanez.cl\/web\/wp-json\/wp\/v2\/types\/post"}],"author":[{"embeddable":true,"href":"https:\/\/www.radiopresidenteibanez.cl\/web\/wp-json\/wp\/v2\/users\/2"}],"replies":[{"embeddable":true,"href":"https:\/\/www.radiopresidenteibanez.cl\/web\/wp-json\/wp\/v2\/comments?post=11351"}],"version-history":[{"count":0,"href":"https:\/\/www.radiopresidenteibanez.cl\/web\/wp-json\/wp\/v2\/posts\/11351\/revisions"}],"wp:featuredmedia":[{"embeddable":true,"href":"https:\/\/www.radiopresidenteibanez.cl\/web\/wp-json\/wp\/v2\/media\/10909"}],"wp:attachment":[{"href":"https:\/\/www.radiopresidenteibanez.cl\/web\/wp-json\/wp\/v2\/media?parent=11351"}],"wp:term":[{"taxonomy":"category","embeddable":true,"href":"https:\/\/www.radiopresidenteibanez.cl\/web\/wp-json\/wp\/v2\/categories?post=11351"},{"taxonomy":"post_tag","embeddable":true,"href":"https:\/\/www.radiopresidenteibanez.cl\/web\/wp-json\/wp\/v2\/tags?post=11351"}],"curies":[{"name":"wp","href":"https:\/\/api.w.org\/{rel}","templated":true}]}}